{"id":12456,"date":"2024-10-29T10:24:06","date_gmt":"2024-10-29T09:24:06","guid":{"rendered":"https:\/\/www.benarabi.org\/?p=12456"},"modified":"2024-10-29T10:24:25","modified_gmt":"2024-10-29T09:24:25","slug":"proyecto-huerto-escolar-ecologico-apostamos-por-la-sostenibilidad-agroalimentaria","status":"publish","type":"post","link":"https:\/\/www.benarabi.org\/?p=12456","title":{"rendered":"Proyecto Huerto Escolar Ecol\u00f3gico: \u201cApostamos por la sostenibilidad agroalimentaria\u201d"},"content":{"rendered":"<p style=\"text-align: justify;\"><a href=\"https:\/\/www.benarabi.org\/wp-content\/uploads\/2024\/10\/IMG-20241021-WA0002.jpg\"><img loading=\"lazy\" decoding=\"async\" class=\"wp-image-12460 alignleft\" src=\"https:\/\/www.benarabi.org\/wp-content\/uploads\/2024\/10\/IMG-20241021-WA0002.jpg\" alt=\"\" width=\"150\" height=\"113\" srcset=\"https:\/\/www.benarabi.org\/wp-content\/uploads\/2024\/10\/IMG-20241021-WA0002.jpg 1600w, https:\/\/www.benarabi.org\/wp-content\/uploads\/2024\/10\/IMG-20241021-WA0002-768x576.jpg 768w, https:\/\/www.benarabi.org\/wp-content\/uploads\/2024\/10\/IMG-20241021-WA0002-1536x1152.jpg 1536w\" sizes=\"auto, (max-width: 150px) 100vw, 150px\" \/><\/a>Comenzamos este curso con nuestra participaci\u00f3n en un nuevo Programa Educativo: \u201cHuertos Escolares Ecol\u00f3gicos\u201d.<\/p>\n<p style=\"text-align: justify;\">Desde el pasado 25 de julio, somos Centro de nueva adscripci\u00f3n en el Programa Educativo \u201cHuertos Escolares Ecol\u00f3gicos\u201d.<\/p>\n<p style=\"text-align: justify;\">Se trata de un programa desarrollado de forma conjunta por la Consejer\u00eda de Educaci\u00f3n, Formaci\u00f3n Profesional y Empleo, a trav\u00e9s de la Direcci\u00f3n General de Recursos Humanos, Planificaci\u00f3n Educativa e Innovaci\u00f3n, y el Consejo de Agricultura Ecol\u00f3gica de la Regi\u00f3n de Murcia.<\/p>\n<p style=\"text-align: justify;\">Este Programa tiene como finalidad poner en marcha y desarrollar un <strong>huerto escolar <\/strong>ecol\u00f3gico en el Centro que sirva como <strong>recurso educativo<\/strong> transversal en todos los niveles y \u00e1reas curriculares, fomentando las distintas competencias y difundiendo los valores de la agricultura ecol\u00f3gica.<\/p>\n<p style=\"text-align: justify;\">El responsable designado por el Centro para la coordinaci\u00f3n del Programa es el profesor de Biolog\u00eda, <strong>Jos\u00e9 Antonio Arias<\/strong>, que adem\u00e1s, realizar\u00e1 un curso de formaci\u00f3n a trav\u00e9s del Centro de Profesores y Recursos (CPR).<\/p>\n<p style=\"text-align: justify;\">Ya se han hecho las primeras actuaciones como: preparaci\u00f3n de la tierra, primeras plantaciones, creaci\u00f3n de una rocalla con piedras y plantas arom\u00e1ticas,..<\/p>\n<p style=\"text-align: justify;\">Si quieres seguir todas las actuaciones que vamos haciendo, <a href=\"https:\/\/mihuertobenarabi.blogspot.com\/\" target=\"_blank\" rel=\"noopener\">pincha aqu\u00ed<\/a>.<\/p>\n<p style=\"text-align: justify;\">Queremos resaltar la aportaci\u00f3n econ\u00f3mica del <strong>AMPA<\/strong> del Ben Arab\u00ed ya que nos ha permitido comprar herramientas necesarias para poder trabajar la tierra.<\/p>\n<div id='gallery-1' class='gallery galleryid-12456 gallery-columns-2 gallery-size-thumbnail'><figure class='gallery-item'>\n\t\t\t<div class='gallery-icon landscape'>\n\t\t\t\t<a href='https:\/\/www.benarabi.org\/?attachment_id=12459'><img loading=\"lazy\" decoding=\"async\" width=\"250\" height=\"141\" src=\"https:\/\/www.benarabi.org\/wp-content\/uploads\/2024\/10\/IMG-20241021-WA0003-250x141.jpg\" class=\"attachment-thumbnail size-thumbnail\" alt=\"\" srcset=\"https:\/\/www.benarabi.org\/wp-content\/uploads\/2024\/10\/IMG-20241021-WA0003-250x141.jpg 250w, https:\/\/www.benarabi.org\/wp-content\/uploads\/2024\/10\/IMG-20241021-WA0003-850x478.jpg 850w, https:\/\/www.benarabi.org\/wp-content\/uploads\/2024\/10\/IMG-20241021-WA0003-1200x675.jpg 1200w\" sizes=\"auto, (max-width: 250px) 100vw, 250px\" \/><\/a>\n\t\t\t<\/div><\/figure><figure class='gallery-item'>\n\t\t\t<div class='gallery-icon landscape'>\n\t\t\t\t<a href='https:\/\/www.benarabi.org\/?attachment_id=12460'><img loading=\"lazy\" decoding=\"async\" width=\"250\" height=\"141\" src=\"https:\/\/www.benarabi.org\/wp-content\/uploads\/2024\/10\/IMG-20241021-WA0002-250x141.jpg\" class=\"attachment-thumbnail size-thumbnail\" alt=\"\" srcset=\"https:\/\/www.benarabi.org\/wp-content\/uploads\/2024\/10\/IMG-20241021-WA0002-250x141.jpg 250w, https:\/\/www.benarabi.org\/wp-content\/uploads\/2024\/10\/IMG-20241021-WA0002-850x478.jpg 850w, https:\/\/www.benarabi.org\/wp-content\/uploads\/2024\/10\/IMG-20241021-WA0002-1200x675.jpg 1200w\" sizes=\"auto, (max-width: 250px) 100vw, 250px\" \/><\/a>\n\t\t\t<\/div><\/figure>\n\t\t<\/div>\n\n","protected":false},"excerpt":{"rendered":"<p>Comenzamos este curso con nuestra participaci\u00f3n en un nuevo Programa Educativo: \u201cHuertos Escolares Ecol\u00f3gicos\u201d. Desde el pasado 25 de julio, somos Centro de nueva adscripci\u00f3n en el Programa Educativo \u201cHuertos Escolares Ecol\u00f3gicos\u201d. Se trata de un programa desarrollado de forma conjunta por la Consejer\u00eda de Educaci\u00f3n, Formaci\u00f3n Profesional y Empleo, a trav\u00e9s de la Direcci\u00f3n [&hellip;]<\/p>\n","protected":false},"author":1,"featured_media":0,"comment_status":"closed","ping_status":"open","sticky":false,"template":"","format":"standard","meta":{"footnotes":""},"categories":[1],"tags":[],"class_list":["post-12456","post","type-post","status-publish","format-standard","hentry","category-sin-categoria"],"_links":{"self":[{"href":"https:\/\/www.benarabi.org\/index.php?rest_route=\/wp\/v2\/posts\/12456","targetHints":{"allow":["GET"]}}],"collection":[{"href":"https:\/\/www.benarabi.org\/index.php?rest_route=\/wp\/v2\/posts"}],"about":[{"href":"https:\/\/www.benarabi.org\/index.php?rest_route=\/wp\/v2\/types\/post"}],"author":[{"embeddable":true,"href":"https:\/\/www.benarabi.org\/index.php?rest_route=\/wp\/v2\/users\/1"}],"replies":[{"embeddable":true,"href":"https:\/\/www.benarabi.org\/index.php?rest_route=%2Fwp%2Fv2%2Fcomments&post=12456"}],"version-history":[{"count":2,"href":"https:\/\/www.benarabi.org\/index.php?rest_route=\/wp\/v2\/posts\/12456\/revisions"}],"predecessor-version":[{"id":12462,"href":"https:\/\/www.benarabi.org\/index.php?rest_route=\/wp\/v2\/posts\/12456\/revisions\/12462"}],"wp:attachment":[{"href":"https:\/\/www.benarabi.org\/index.php?rest_route=%2Fwp%2Fv2%2Fmedia&parent=12456"}],"wp:term":[{"taxonomy":"category","embeddable":true,"href":"https:\/\/www.benarabi.org\/index.php?rest_route=%2Fwp%2Fv2%2Fcategories&post=12456"},{"taxonomy":"post_tag","embeddable":true,"href":"https:\/\/www.benarabi.org\/index.php?rest_route=%2Fwp%2Fv2%2Ftags&post=12456"}],"curies":[{"name":"wp","href":"https:\/\/api.w.org\/{rel}","templated":true}]}}