{"id":12510,"date":"2024-11-06T13:52:36","date_gmt":"2024-11-06T12:52:36","guid":{"rendered":"https:\/\/www.benarabi.org\/?p=12510"},"modified":"2024-11-06T13:52:36","modified_gmt":"2024-11-06T12:52:36","slug":"coro-sb-de-frances","status":"publish","type":"post","link":"https:\/\/www.benarabi.org\/?p=12510","title":{"rendered":"CORO SB DE FRANC\u00c9S"},"content":{"rendered":"<p style=\"text-align: justify;\"><a href=\"https:\/\/www.benarabi.org\/wp-content\/uploads\/2024\/11\/Sin-titulob.png\"><img loading=\"lazy\" decoding=\"async\" class=\"alignleft wp-image-12513\" src=\"https:\/\/www.benarabi.org\/wp-content\/uploads\/2024\/11\/Sin-titulob.png\" alt=\"\" width=\"150\" height=\"113\" \/><\/a>Un a\u00f1o m\u00e1s arranca el coro de la Secci\u00f3n Biling\u00fce de Franc\u00e9s del IES Ben Arab\u00ed. Se trata de una actividad que organiza el Departamento de franc\u00e9s desde hace varios a\u00f1os y que este a\u00f1o ha venido con fuerzas renovadas.<\/p>\n<p style=\"text-align: justify;\">Los alumnos ensayar\u00e1n villancicos y canciones populares del repertorio franc\u00e9s.<\/p>\n<p style=\"text-align: justify;\">A lo largo del a\u00f1o participaremos en todas las actividades que hemos realizado en a\u00f1os pasados como la muestra de Villancicos de Cartagena, las visitas a los centros escolares adscritos, etc., as\u00ed como en las nuevas actividades que puedan surgir durante este curso escolar.<\/p>\n<p style=\"text-align: justify;\">Nuestro agradecimiento a <strong>Antonio G\u00f3mez<\/strong>, su profesor de canto, que los prepara con tanta paciencia y entrega.<\/p>\n<p style=\"text-align: justify;\">Gracias tambi\u00e9n a todos los alumnos que hacen realidad el coro con su implicaci\u00f3n y entusiasmo.<\/p>\n<div id='gallery-1' class='gallery galleryid-12510 gallery-columns-3 gallery-size-thumbnail'><figure class='gallery-item'>\n\t\t\t<div class='gallery-icon landscape'>\n\t\t\t\t<a href='https:\/\/www.benarabi.org\/?attachment_id=12511'><img loading=\"lazy\" decoding=\"async\" width=\"250\" height=\"141\" src=\"https:\/\/www.benarabi.org\/wp-content\/uploads\/2024\/11\/Sin-tituloa-250x141.png\" class=\"attachment-thumbnail size-thumbnail\" alt=\"\" \/><\/a>\n\t\t\t<\/div><\/figure><figure class='gallery-item'>\n\t\t\t<div class='gallery-icon landscape'>\n\t\t\t\t<a href='https:\/\/www.benarabi.org\/?attachment_id=12512'><img loading=\"lazy\" decoding=\"async\" width=\"250\" height=\"141\" src=\"https:\/\/www.benarabi.org\/wp-content\/uploads\/2024\/11\/Sin-titulo-1-250x141.png\" class=\"attachment-thumbnail size-thumbnail\" alt=\"\" \/><\/a>\n\t\t\t<\/div><\/figure><figure class='gallery-item'>\n\t\t\t<div class='gallery-icon landscape'>\n\t\t\t\t<a href='https:\/\/www.benarabi.org\/?attachment_id=12513'><img loading=\"lazy\" decoding=\"async\" width=\"250\" height=\"141\" src=\"https:\/\/www.benarabi.org\/wp-content\/uploads\/2024\/11\/Sin-titulob-250x141.png\" class=\"attachment-thumbnail size-thumbnail\" alt=\"\" \/><\/a>\n\t\t\t<\/div><\/figure>\n\t\t<\/div>\n\n","protected":false},"excerpt":{"rendered":"<p>Un a\u00f1o m\u00e1s arranca el coro de la Secci\u00f3n Biling\u00fce de Franc\u00e9s del IES Ben Arab\u00ed. Se trata de una actividad que organiza el Departamento de franc\u00e9s desde hace varios a\u00f1os y que este a\u00f1o ha venido con fuerzas renovadas. Los alumnos ensayar\u00e1n villancicos y canciones populares del repertorio franc\u00e9s. A lo largo del a\u00f1o [&hellip;]<\/p>\n","protected":false},"author":1,"featured_media":0,"comment_status":"closed","ping_status":"open","sticky":false,"template":"","format":"standard","meta":{"footnotes":""},"categories":[1],"tags":[],"class_list":["post-12510","post","type-post","status-publish","format-standard","hentry","category-sin-categoria"],"_links":{"self":[{"href":"https:\/\/www.benarabi.org\/index.php?rest_route=\/wp\/v2\/posts\/12510","targetHints":{"allow":["GET"]}}],"collection":[{"href":"https:\/\/www.benarabi.org\/index.php?rest_route=\/wp\/v2\/posts"}],"about":[{"href":"https:\/\/www.benarabi.org\/index.php?rest_route=\/wp\/v2\/types\/post"}],"author":[{"embeddable":true,"href":"https:\/\/www.benarabi.org\/index.php?rest_route=\/wp\/v2\/users\/1"}],"replies":[{"embeddable":true,"href":"https:\/\/www.benarabi.org\/index.php?rest_route=%2Fwp%2Fv2%2Fcomments&post=12510"}],"version-history":[{"count":1,"href":"https:\/\/www.benarabi.org\/index.php?rest_route=\/wp\/v2\/posts\/12510\/revisions"}],"predecessor-version":[{"id":12514,"href":"https:\/\/www.benarabi.org\/index.php?rest_route=\/wp\/v2\/posts\/12510\/revisions\/12514"}],"wp:attachment":[{"href":"https:\/\/www.benarabi.org\/index.php?rest_route=%2Fwp%2Fv2%2Fmedia&parent=12510"}],"wp:term":[{"taxonomy":"category","embeddable":true,"href":"https:\/\/www.benarabi.org\/index.php?rest_route=%2Fwp%2Fv2%2Fcategories&post=12510"},{"taxonomy":"post_tag","embeddable":true,"href":"https:\/\/www.benarabi.org\/index.php?rest_route=%2Fwp%2Fv2%2Ftags&post=12510"}],"curies":[{"name":"wp","href":"https:\/\/api.w.org\/{rel}","templated":true}]}}