{"id":12668,"date":"2024-11-21T11:09:04","date_gmt":"2024-11-21T10:09:04","guid":{"rendered":"https:\/\/www.benarabi.org\/?p=12668"},"modified":"2024-11-21T11:09:04","modified_gmt":"2024-11-21T10:09:04","slug":"todos-contra-el-absentismo-escolar","status":"publish","type":"post","link":"https:\/\/www.benarabi.org\/?p=12668","title":{"rendered":"TODOS CONTRA EL ABSENTISMO ESCOLAR"},"content":{"rendered":"<p><a href=\"https:\/\/www.benarabi.org\/wp-content\/uploads\/2024\/11\/Foto-4-1-scaled.jpg\"><img loading=\"lazy\" decoding=\"async\" class=\"wp-image-12672 alignleft\" src=\"https:\/\/www.benarabi.org\/wp-content\/uploads\/2024\/11\/Foto-4-1-scaled.jpg\" alt=\"\" width=\"150\" height=\"113\" srcset=\"https:\/\/www.benarabi.org\/wp-content\/uploads\/2024\/11\/Foto-4-1-scaled.jpg 2560w, https:\/\/www.benarabi.org\/wp-content\/uploads\/2024\/11\/Foto-4-1-768x577.jpg 768w, https:\/\/www.benarabi.org\/wp-content\/uploads\/2024\/11\/Foto-4-1-1536x1153.jpg 1536w, https:\/\/www.benarabi.org\/wp-content\/uploads\/2024\/11\/Foto-4-1-2048x1538.jpg 2048w\" sizes=\"auto, (max-width: 150px) 100vw, 150px\" \/><\/a>Esta semana, Carmen\u00a0 Mar\u00edn Gim\u00e9nez, educadora del Programa Municipal de Absentismo Escolar (PMAE) de la Concejal\u00eda de Educaci\u00f3n de Cartagena, est\u00e1 visitando nuestro centro para dar charlas de prevenci\u00f3n de absentismo escolar en Primero de Eso.<\/p>\n<p>En algunas ocasiones, est\u00e1 siendo acompa\u00f1ada por un polic\u00eda de la Unidad de protecci\u00f3n a la familia de la Polic\u00eda Local de Cartagena.<\/p>\n<p>Nuestros alumnos y alumnas est\u00e1n conociendo qu\u00e9 es el absentismo y sus peligrosas consecuencias. Est\u00e1n aprendiendo adem\u00e1s que venir a clase es bueno para todos y por eso no hay que venir \u00fanicamente porque haya una ley que nos obligue a hacerlo, ya que viniendo a clase conseguimos una mayor autonom\u00eda, ampliamos nuestra red de amistades y mejoramos las posibilidades de b\u00fasqueda de un buen empleo en un futuro, entre otras muchas cosas.<\/p>\n<p>En estas charlas se explica la obligatoriedad legal de asistir a clase hasta los 16 a\u00f1os y la responsabilidad de familias y centro educativo para que esto se cumpla. Se explican tambi\u00e9n las faltas que pueden y no justificarse, adem\u00e1s de c\u00f3mo hacerlo.<\/p>\n<p>Est\u00e1n siendo unas tutor\u00edas con\u00a0 mucha participaci\u00f3n del alumnado y esperamos que den su fruto.<\/p>\n<div id='gallery-1' class='gallery galleryid-12668 gallery-columns-4 gallery-size-thumbnail'><figure class='gallery-item'>\n\t\t\t<div class='gallery-icon landscape'>\n\t\t\t\t<a href='https:\/\/www.benarabi.org\/?attachment_id=12669'><img loading=\"lazy\" decoding=\"async\" width=\"250\" height=\"141\" src=\"https:\/\/www.benarabi.org\/wp-content\/uploads\/2024\/11\/Foto-3-1-250x141.jpg\" class=\"attachment-thumbnail size-thumbnail\" alt=\"\" srcset=\"https:\/\/www.benarabi.org\/wp-content\/uploads\/2024\/11\/Foto-3-1-250x141.jpg 250w, https:\/\/www.benarabi.org\/wp-content\/uploads\/2024\/11\/Foto-3-1-850x478.jpg 850w, https:\/\/www.benarabi.org\/wp-content\/uploads\/2024\/11\/Foto-3-1-1200x675.jpg 1200w\" sizes=\"auto, (max-width: 250px) 100vw, 250px\" \/><\/a>\n\t\t\t<\/div><\/figure><figure class='gallery-item'>\n\t\t\t<div class='gallery-icon landscape'>\n\t\t\t\t<a href='https:\/\/www.benarabi.org\/?attachment_id=12670'><img loading=\"lazy\" decoding=\"async\" width=\"250\" height=\"141\" src=\"https:\/\/www.benarabi.org\/wp-content\/uploads\/2024\/11\/Foto-1-1-250x141.jpg\" class=\"attachment-thumbnail size-thumbnail\" alt=\"\" srcset=\"https:\/\/www.benarabi.org\/wp-content\/uploads\/2024\/11\/Foto-1-1-250x141.jpg 250w, https:\/\/www.benarabi.org\/wp-content\/uploads\/2024\/11\/Foto-1-1-850x478.jpg 850w, https:\/\/www.benarabi.org\/wp-content\/uploads\/2024\/11\/Foto-1-1-1200x675.jpg 1200w\" sizes=\"auto, (max-width: 250px) 100vw, 250px\" \/><\/a>\n\t\t\t<\/div><\/figure><figure class='gallery-item'>\n\t\t\t<div class='gallery-icon landscape'>\n\t\t\t\t<a href='https:\/\/www.benarabi.org\/?attachment_id=12671'><img loading=\"lazy\" decoding=\"async\" width=\"250\" height=\"141\" src=\"https:\/\/www.benarabi.org\/wp-content\/uploads\/2024\/11\/Foto2-250x141.jpg\" class=\"attachment-thumbnail size-thumbnail\" alt=\"\" srcset=\"https:\/\/www.benarabi.org\/wp-content\/uploads\/2024\/11\/Foto2-250x141.jpg 250w, https:\/\/www.benarabi.org\/wp-content\/uploads\/2024\/11\/Foto2-850x478.jpg 850w, https:\/\/www.benarabi.org\/wp-content\/uploads\/2024\/11\/Foto2-1200x675.jpg 1200w\" sizes=\"auto, (max-width: 250px) 100vw, 250px\" \/><\/a>\n\t\t\t<\/div><\/figure><figure class='gallery-item'>\n\t\t\t<div class='gallery-icon landscape'>\n\t\t\t\t<a href='https:\/\/www.benarabi.org\/?attachment_id=12672'><img loading=\"lazy\" decoding=\"async\" width=\"250\" height=\"141\" src=\"https:\/\/www.benarabi.org\/wp-content\/uploads\/2024\/11\/Foto-4-1-250x141.jpg\" class=\"attachment-thumbnail size-thumbnail\" alt=\"\" srcset=\"https:\/\/www.benarabi.org\/wp-content\/uploads\/2024\/11\/Foto-4-1-250x141.jpg 250w, https:\/\/www.benarabi.org\/wp-content\/uploads\/2024\/11\/Foto-4-1-850x478.jpg 850w, https:\/\/www.benarabi.org\/wp-content\/uploads\/2024\/11\/Foto-4-1-1200x675.jpg 1200w\" sizes=\"auto, (max-width: 250px) 100vw, 250px\" \/><\/a>\n\t\t\t<\/div><\/figure>\n\t\t<\/div>\n\n","protected":false},"excerpt":{"rendered":"<p>Esta semana, Carmen\u00a0 Mar\u00edn Gim\u00e9nez, educadora del Programa Municipal de Absentismo Escolar (PMAE) de la Concejal\u00eda de Educaci\u00f3n de Cartagena, est\u00e1 visitando nuestro centro para dar charlas de prevenci\u00f3n de absentismo escolar en Primero de Eso. En algunas ocasiones, est\u00e1 siendo acompa\u00f1ada por un polic\u00eda de la Unidad de protecci\u00f3n a la familia de la [&hellip;]<\/p>\n","protected":false},"author":1,"featured_media":0,"comment_status":"closed","ping_status":"open","sticky":false,"template":"","format":"standard","meta":{"footnotes":""},"categories":[1],"tags":[],"class_list":["post-12668","post","type-post","status-publish","format-standard","hentry","category-sin-categoria"],"_links":{"self":[{"href":"https:\/\/www.benarabi.org\/index.php?rest_route=\/wp\/v2\/posts\/12668","targetHints":{"allow":["GET"]}}],"collection":[{"href":"https:\/\/www.benarabi.org\/index.php?rest_route=\/wp\/v2\/posts"}],"about":[{"href":"https:\/\/www.benarabi.org\/index.php?rest_route=\/wp\/v2\/types\/post"}],"author":[{"embeddable":true,"href":"https:\/\/www.benarabi.org\/index.php?rest_route=\/wp\/v2\/users\/1"}],"replies":[{"embeddable":true,"href":"https:\/\/www.benarabi.org\/index.php?rest_route=%2Fwp%2Fv2%2Fcomments&post=12668"}],"version-history":[{"count":1,"href":"https:\/\/www.benarabi.org\/index.php?rest_route=\/wp\/v2\/posts\/12668\/revisions"}],"predecessor-version":[{"id":12673,"href":"https:\/\/www.benarabi.org\/index.php?rest_route=\/wp\/v2\/posts\/12668\/revisions\/12673"}],"wp:attachment":[{"href":"https:\/\/www.benarabi.org\/index.php?rest_route=%2Fwp%2Fv2%2Fmedia&parent=12668"}],"wp:term":[{"taxonomy":"category","embeddable":true,"href":"https:\/\/www.benarabi.org\/index.php?rest_route=%2Fwp%2Fv2%2Fcategories&post=12668"},{"taxonomy":"post_tag","embeddable":true,"href":"https:\/\/www.benarabi.org\/index.php?rest_route=%2Fwp%2Fv2%2Ftags&post=12668"}],"curies":[{"name":"wp","href":"https:\/\/api.w.org\/{rel}","templated":true}]}}