{"id":12743,"date":"2024-12-19T11:45:11","date_gmt":"2024-12-19T10:45:11","guid":{"rendered":"https:\/\/www.benarabi.org\/?p=12743"},"modified":"2024-12-19T11:46:30","modified_gmt":"2024-12-19T10:46:30","slug":"los-alumnos-de-coro-de-la-seccion-bilingue-del-ies-ben-arabi-participaron-en-la-muestra-de-villancicos-de-la-ciudad-de-cartagena","status":"publish","type":"post","link":"https:\/\/www.benarabi.org\/?p=12743","title":{"rendered":"Los alumnos de coro de la Secci\u00f3n Biling\u00fce del IES Ben Arab\u00ed participaron en la muestra de villancicos de la ciudad de Cartagena"},"content":{"rendered":"<p dir=\"auto\" style=\"text-align: justify;\"><a href=\"https:\/\/www.benarabi.org\/wp-content\/uploads\/2024\/12\/IMG-20241218-WA0029-scaled.jpg\"><img loading=\"lazy\" decoding=\"async\" class=\"wp-image-12746 alignleft\" src=\"https:\/\/www.benarabi.org\/wp-content\/uploads\/2024\/12\/IMG-20241218-WA0029-scaled.jpg\" alt=\"\" width=\"150\" height=\"84\" srcset=\"https:\/\/www.benarabi.org\/wp-content\/uploads\/2024\/12\/IMG-20241218-WA0029-scaled.jpg 2560w, https:\/\/www.benarabi.org\/wp-content\/uploads\/2024\/12\/IMG-20241218-WA0029-850x478.jpg 850w, https:\/\/www.benarabi.org\/wp-content\/uploads\/2024\/12\/IMG-20241218-WA0029-1200x675.jpg 1200w, https:\/\/www.benarabi.org\/wp-content\/uploads\/2024\/12\/IMG-20241218-WA0029-250x141.jpg 250w, https:\/\/www.benarabi.org\/wp-content\/uploads\/2024\/12\/IMG-20241218-WA0029-768x432.jpg 768w, https:\/\/www.benarabi.org\/wp-content\/uploads\/2024\/12\/IMG-20241218-WA0029-1536x864.jpg 1536w, https:\/\/www.benarabi.org\/wp-content\/uploads\/2024\/12\/IMG-20241218-WA0029-2048x1152.jpg 2048w\" sizes=\"auto, (max-width: 150px) 100vw, 150px\" \/><\/a>Los alumnos de 1\u00b0 a 4\u00b0 de la secci\u00f3n biling\u00fce de franc\u00e9s\u00a0 cantaron un buen repertorio de canciones que han estado preparando con su profesor de canto Antonio G\u00f3mez, durante este curso escolar.<br \/>\nEl lugar elegido, las puertas de Murcia, fue un marco privilegiado que permiti\u00f3 a muchas personas que se acercaran a verles y escucharles cantar.<br \/>\nFueron acompa\u00f1ados por los profesores del departamento de franc\u00e9s\u00a0 Cristina Mart\u00ednez, Alejandro Lambrou y Maribel Garc\u00eda.<br \/>\nEstamos muy contentos de participar un a\u00f1o m\u00e1s en esta iniciativa que es tan apreciada por nuestros alumnos y en la que esperamos seguir en a\u00f1os posteriores.<br \/>\nFelicidades a Antonio G\u00f3mez y a todos los alumnos que han participado .<\/p>\n<div id='gallery-1' class='gallery galleryid-12743 gallery-columns-6 gallery-size-thumbnail'><figure class='gallery-item'>\n\t\t\t<div class='gallery-icon landscape'>\n\t\t\t\t<a href='https:\/\/www.benarabi.org\/?attachment_id=12744'><img loading=\"lazy\" decoding=\"async\" width=\"250\" height=\"141\" src=\"https:\/\/www.benarabi.org\/wp-content\/uploads\/2024\/12\/IMG-20241218-WA0017-250x141.jpg\" class=\"attachment-thumbnail size-thumbnail\" alt=\"\" srcset=\"https:\/\/www.benarabi.org\/wp-content\/uploads\/2024\/12\/IMG-20241218-WA0017-250x141.jpg 250w, https:\/\/www.benarabi.org\/wp-content\/uploads\/2024\/12\/IMG-20241218-WA0017-850x478.jpg 850w, https:\/\/www.benarabi.org\/wp-content\/uploads\/2024\/12\/IMG-20241218-WA0017-1200x675.jpg 1200w\" sizes=\"auto, (max-width: 250px) 100vw, 250px\" \/><\/a>\n\t\t\t<\/div><\/figure><figure class='gallery-item'>\n\t\t\t<div class='gallery-icon landscape'>\n\t\t\t\t<a href='https:\/\/www.benarabi.org\/?attachment_id=12745'><img loading=\"lazy\" decoding=\"async\" width=\"250\" height=\"141\" src=\"https:\/\/www.benarabi.org\/wp-content\/uploads\/2024\/12\/IMG-20241218-WA0019-250x141.jpg\" class=\"attachment-thumbnail size-thumbnail\" alt=\"\" srcset=\"https:\/\/www.benarabi.org\/wp-content\/uploads\/2024\/12\/IMG-20241218-WA0019-250x141.jpg 250w, https:\/\/www.benarabi.org\/wp-content\/uploads\/2024\/12\/IMG-20241218-WA0019-850x478.jpg 850w, https:\/\/www.benarabi.org\/wp-content\/uploads\/2024\/12\/IMG-20241218-WA0019-1200x675.jpg 1200w\" sizes=\"auto, (max-width: 250px) 100vw, 250px\" \/><\/a>\n\t\t\t<\/div><\/figure><figure class='gallery-item'>\n\t\t\t<div class='gallery-icon landscape'>\n\t\t\t\t<a href='https:\/\/www.benarabi.org\/?attachment_id=12746'><img loading=\"lazy\" decoding=\"async\" width=\"250\" height=\"141\" src=\"https:\/\/www.benarabi.org\/wp-content\/uploads\/2024\/12\/IMG-20241218-WA0029-250x141.jpg\" class=\"attachment-thumbnail size-thumbnail\" alt=\"\" srcset=\"https:\/\/www.benarabi.org\/wp-content\/uploads\/2024\/12\/IMG-20241218-WA0029-250x141.jpg 250w, https:\/\/www.benarabi.org\/wp-content\/uploads\/2024\/12\/IMG-20241218-WA0029-850x478.jpg 850w, https:\/\/www.benarabi.org\/wp-content\/uploads\/2024\/12\/IMG-20241218-WA0029-1200x675.jpg 1200w, https:\/\/www.benarabi.org\/wp-content\/uploads\/2024\/12\/IMG-20241218-WA0029-768x432.jpg 768w, https:\/\/www.benarabi.org\/wp-content\/uploads\/2024\/12\/IMG-20241218-WA0029-1536x864.jpg 1536w, https:\/\/www.benarabi.org\/wp-content\/uploads\/2024\/12\/IMG-20241218-WA0029-2048x1152.jpg 2048w\" sizes=\"auto, (max-width: 250px) 100vw, 250px\" \/><\/a>\n\t\t\t<\/div><\/figure>\n\t\t<\/div>\n\n<p><iframe loading=\"lazy\" title=\"Alumnos de coro de la Secci\u00f3n Biling\u00fce del IES Ben Arab\u00ed en la muestra de villancicos de Cartagena\" width=\"830\" height=\"467\" src=\"https:\/\/www.youtube.com\/embed\/i7fuPHewwxE?feature=oembed\" frameborder=\"0\" allow=\"accelerometer; autoplay; clipboard-write; encrypted-media; gyroscope; picture-in-picture; web-share\" referrerpolicy=\"strict-origin-when-cross-origin\" allowfullscreen><\/iframe><\/p>\n","protected":false},"excerpt":{"rendered":"<p>Los alumnos de 1\u00b0 a 4\u00b0 de la secci\u00f3n biling\u00fce de franc\u00e9s\u00a0 cantaron un buen repertorio de canciones que han estado preparando con su profesor de canto Antonio G\u00f3mez, durante este curso escolar. El lugar elegido, las puertas de Murcia, fue un marco privilegiado que permiti\u00f3 a muchas personas que se acercaran a verles y [&hellip;]<\/p>\n","protected":false},"author":1,"featured_media":0,"comment_status":"closed","ping_status":"open","sticky":false,"template":"","format":"standard","meta":{"footnotes":""},"categories":[1],"tags":[],"class_list":["post-12743","post","type-post","status-publish","format-standard","hentry","category-sin-categoria"],"_links":{"self":[{"href":"https:\/\/www.benarabi.org\/index.php?rest_route=\/wp\/v2\/posts\/12743","targetHints":{"allow":["GET"]}}],"collection":[{"href":"https:\/\/www.benarabi.org\/index.php?rest_route=\/wp\/v2\/posts"}],"about":[{"href":"https:\/\/www.benarabi.org\/index.php?rest_route=\/wp\/v2\/types\/post"}],"author":[{"embeddable":true,"href":"https:\/\/www.benarabi.org\/index.php?rest_route=\/wp\/v2\/users\/1"}],"replies":[{"embeddable":true,"href":"https:\/\/www.benarabi.org\/index.php?rest_route=%2Fwp%2Fv2%2Fcomments&post=12743"}],"version-history":[{"count":3,"href":"https:\/\/www.benarabi.org\/index.php?rest_route=\/wp\/v2\/posts\/12743\/revisions"}],"predecessor-version":[{"id":12749,"href":"https:\/\/www.benarabi.org\/index.php?rest_route=\/wp\/v2\/posts\/12743\/revisions\/12749"}],"wp:attachment":[{"href":"https:\/\/www.benarabi.org\/index.php?rest_route=%2Fwp%2Fv2%2Fmedia&parent=12743"}],"wp:term":[{"taxonomy":"category","embeddable":true,"href":"https:\/\/www.benarabi.org\/index.php?rest_route=%2Fwp%2Fv2%2Fcategories&post=12743"},{"taxonomy":"post_tag","embeddable":true,"href":"https:\/\/www.benarabi.org\/index.php?rest_route=%2Fwp%2Fv2%2Ftags&post=12743"}],"curies":[{"name":"wp","href":"https:\/\/api.w.org\/{rel}","templated":true}]}}