{"id":12760,"date":"2025-01-23T17:12:59","date_gmt":"2025-01-23T16:12:59","guid":{"rendered":"https:\/\/www.benarabi.org\/?p=12760"},"modified":"2025-01-23T17:12:59","modified_gmt":"2025-01-23T16:12:59","slug":"celebramos-la-xiii-semana-cultural-la-edad-media","status":"publish","type":"post","link":"https:\/\/www.benarabi.org\/?p=12760","title":{"rendered":"Celebramos la XIII Semana Cultural: La Edad Media"},"content":{"rendered":"<p style=\"text-align: justify;\"><a href=\"https:\/\/www.benarabi.org\/wp-content\/uploads\/2025\/01\/cartel-ganador_page-0001-scaled.jpg\"><img loading=\"lazy\" decoding=\"async\" class=\"wp-image-12763 alignleft\" src=\"https:\/\/www.benarabi.org\/wp-content\/uploads\/2025\/01\/cartel-ganador_page-0001-scaled.jpg\" alt=\"\" width=\"150\" height=\"221\" srcset=\"https:\/\/www.benarabi.org\/wp-content\/uploads\/2025\/01\/cartel-ganador_page-0001-scaled.jpg 1741w, https:\/\/www.benarabi.org\/wp-content\/uploads\/2025\/01\/cartel-ganador_page-0001-768x1129.jpg 768w, https:\/\/www.benarabi.org\/wp-content\/uploads\/2025\/01\/cartel-ganador_page-0001-1045x1536.jpg 1045w, https:\/\/www.benarabi.org\/wp-content\/uploads\/2025\/01\/cartel-ganador_page-0001-1393x2048.jpg 1393w\" sizes=\"auto, (max-width: 150px) 100vw, 150px\" \/><\/a>Del 20 al 24 de enero, se va a celebrar la XIII Semana Cultural de nuestro instituto, que este a\u00f1o lleva por t\u00edtulo: \u201cLa Edad Media\u201d.<\/p>\n<p style=\"text-align: justify;\">Durante esta semana, el objetivo fundamental es que nuestros alumnos conozcan y trabajen, a trav\u00e9s de las distintas \u00e1reas del curr\u00edculo, la Edad Media.<\/p>\n<p style=\"text-align: justify;\">Entre las actividades programadas se encuentran, entre otras: construcci\u00f3n de maquetas de castillos medievales y catapultas, creaci\u00f3n de torres de asalto a trav\u00e9s de programas de dise\u00f1o asistido, exposici\u00f3n de dragones y de trabajos de vidrieras,\u00a0 talleres de recitado de poemas medievales recreando las actuaciones de los juglares, elaboraci\u00f3n de pergaminos con textos medievales, construcci\u00f3n de un telescopio medieval, realizaci\u00f3n de carteles con personajes medievales ingleses, decoraci\u00f3n del hall y pasillos estilo medieval, exposici\u00f3n de instrumentos medievales, proyecci\u00f3n de video sobre los or\u00edgenes del \u00e1lgebra y proyecci\u00f3n de pel\u00edculas relacionadas con la Edad Media,\u2026. El viernes 24 de enero, coincidiendo con la Semana Cultural, se celebrar\u00e1 el D\u00eda del Centro, en el que se realizar\u00e1n una gran cantidad de actividades dirigidas a toda la Comunidad educativa.<\/p>\n<p style=\"text-align: justify;\">Os adjuntamos el <a href=\"https:\/\/www.benarabi.org\/wp-content\/uploads\/2025\/01\/cartel-ganador.pdf\">cartel de la XIII Semana Cultural<\/a>, dise\u00f1ado por la alumna Marina G\u00f3mez de Bachillerato de Artes Pl\u00e1sticas.<\/p>\n<p style=\"text-align: justify;\">Os adjuntamos el <a href=\"https:\/\/www.benarabi.org\/wp-content\/uploads\/2025\/01\/Programa-XIII-Semana-Cultural.pdf\">Programa de la XIII Semana Cultural \u201cLa Edad Media\u201d<\/a>.<\/p>\n<p style=\"text-align: justify;\">Aprovechamos para dar las gracias a todos los departamentos que han preparado\u00a0 actividades, exposiciones,.. y por supuesto al AMPA Ben Arab\u00ed.<\/p>\n","protected":false},"excerpt":{"rendered":"<p>Del 20 al 24 de enero, se va a celebrar la XIII Semana Cultural de nuestro instituto, que este a\u00f1o lleva por t\u00edtulo: \u201cLa Edad Media\u201d. Durante esta semana, el objetivo fundamental es que nuestros alumnos conozcan y trabajen, a trav\u00e9s de las distintas \u00e1reas del curr\u00edculo, la Edad Media. Entre las actividades programadas se [&hellip;]<\/p>\n","protected":false},"author":1,"featured_media":0,"comment_status":"closed","ping_status":"open","sticky":false,"template":"","format":"standard","meta":{"footnotes":""},"categories":[1],"tags":[],"class_list":["post-12760","post","type-post","status-publish","format-standard","hentry","category-sin-categoria"],"_links":{"self":[{"href":"https:\/\/www.benarabi.org\/index.php?rest_route=\/wp\/v2\/posts\/12760","targetHints":{"allow":["GET"]}}],"collection":[{"href":"https:\/\/www.benarabi.org\/index.php?rest_route=\/wp\/v2\/posts"}],"about":[{"href":"https:\/\/www.benarabi.org\/index.php?rest_route=\/wp\/v2\/types\/post"}],"author":[{"embeddable":true,"href":"https:\/\/www.benarabi.org\/index.php?rest_route=\/wp\/v2\/users\/1"}],"replies":[{"embeddable":true,"href":"https:\/\/www.benarabi.org\/index.php?rest_route=%2Fwp%2Fv2%2Fcomments&post=12760"}],"version-history":[{"count":1,"href":"https:\/\/www.benarabi.org\/index.php?rest_route=\/wp\/v2\/posts\/12760\/revisions"}],"predecessor-version":[{"id":12764,"href":"https:\/\/www.benarabi.org\/index.php?rest_route=\/wp\/v2\/posts\/12760\/revisions\/12764"}],"wp:attachment":[{"href":"https:\/\/www.benarabi.org\/index.php?rest_route=%2Fwp%2Fv2%2Fmedia&parent=12760"}],"wp:term":[{"taxonomy":"category","embeddable":true,"href":"https:\/\/www.benarabi.org\/index.php?rest_route=%2Fwp%2Fv2%2Fcategories&post=12760"},{"taxonomy":"post_tag","embeddable":true,"href":"https:\/\/www.benarabi.org\/index.php?rest_route=%2Fwp%2Fv2%2Ftags&post=12760"}],"curies":[{"name":"wp","href":"https:\/\/api.w.org\/{rel}","templated":true}]}}