{"id":12842,"date":"2025-02-10T10:09:35","date_gmt":"2025-02-10T09:09:35","guid":{"rendered":"https:\/\/www.benarabi.org\/?p=12842"},"modified":"2025-02-10T10:09:35","modified_gmt":"2025-02-10T09:09:35","slug":"sensibilizando-ante-la-diferencia","status":"publish","type":"post","link":"https:\/\/www.benarabi.org\/?p=12842","title":{"rendered":"SENSIBILIZANDO ANTE LA DIFERENCIA"},"content":{"rendered":"<p style=\"text-align: justify;\"><a href=\"https:\/\/www.benarabi.org\/wp-content\/uploads\/2025\/02\/FOTO-1-scaled.jpg\"><img loading=\"lazy\" decoding=\"async\" class=\"wp-image-12846 alignleft\" src=\"https:\/\/www.benarabi.org\/wp-content\/uploads\/2025\/02\/FOTO-1-scaled.jpg\" alt=\"\" width=\"150\" height=\"113\" srcset=\"https:\/\/www.benarabi.org\/wp-content\/uploads\/2025\/02\/FOTO-1-scaled.jpg 2560w, https:\/\/www.benarabi.org\/wp-content\/uploads\/2025\/02\/FOTO-1-768x577.jpg 768w, https:\/\/www.benarabi.org\/wp-content\/uploads\/2025\/02\/FOTO-1-1536x1154.jpg 1536w, https:\/\/www.benarabi.org\/wp-content\/uploads\/2025\/02\/FOTO-1-2048x1538.jpg 2048w\" sizes=\"auto, (max-width: 150px) 100vw, 150px\" \/><\/a>Durante este mes de enero los alumnos de 3\u00ba y 4\u00ba de la ESO est\u00e1n participando en tutor\u00eda\u00a0 en las charlas de sensibilizaci\u00f3n ofrecidas por la profesional Mar\u00eda \u00c1ngeles D\u00edaz Lozano, secretaria de la Asociaci\u00f3n D\u2019Genes de Enfermedades Raras de la Regi\u00f3n de Murcia y presidenta de la Asociaci\u00f3n Nacional S\u00edndromes Ehlers-Danlos e Hiperlaxitud.<\/p>\n<p style=\"text-align: justify;\">Desde el Departamento de Orientaci\u00f3n del IES se han ofrecido estas charlas dentro del Plan de Acci\u00f3n Tutorial de estos dos cursos con el fin de que su alumnado pueda conocer m\u00e1s a fondo qu\u00e9 son las enfermedades raras y c\u00f3mo se tratan estas en el \u00e1mbito educativo. Tambi\u00e9n han podido ver algunos casos de enfermedades raras reales y conocer algunas de las causas que las producen.<\/p>\n<p style=\"text-align: justify;\">Los chicos y chicas de 3\u00ba y 4\u00ba han podido disfrutar de estos encuentros realizando din\u00e1micas, participando activamente de las preguntas de la ponente y planteando las dudas que le surg\u00edan con respecto al tema.<\/p>\n<p style=\"text-align: justify;\">Es importante sensibilizar y concienciar en las aulas sobre las enfermedades raras, que como nos han ense\u00f1ado durante estas sesiones no son tan raras, y potenciar la investigaci\u00f3n para intentar mejorar la calidad de vida de un gran n\u00famero de personas.<\/p>\n<div id='gallery-1' class='gallery galleryid-12842 gallery-columns-9 gallery-size-thumbnail'><figure class='gallery-item'>\n\t\t\t<div class='gallery-icon landscape'>\n\t\t\t\t<a href='https:\/\/www.benarabi.org\/?attachment_id=12843'><img loading=\"lazy\" decoding=\"async\" width=\"250\" height=\"141\" src=\"https:\/\/www.benarabi.org\/wp-content\/uploads\/2025\/02\/FOTO-2-250x141.jpg\" class=\"attachment-thumbnail size-thumbnail\" alt=\"\" srcset=\"https:\/\/www.benarabi.org\/wp-content\/uploads\/2025\/02\/FOTO-2-250x141.jpg 250w, https:\/\/www.benarabi.org\/wp-content\/uploads\/2025\/02\/FOTO-2-850x478.jpg 850w, https:\/\/www.benarabi.org\/wp-content\/uploads\/2025\/02\/FOTO-2-1200x675.jpg 1200w\" sizes=\"auto, (max-width: 250px) 100vw, 250px\" \/><\/a>\n\t\t\t<\/div><\/figure><figure class='gallery-item'>\n\t\t\t<div class='gallery-icon landscape'>\n\t\t\t\t<a href='https:\/\/www.benarabi.org\/?attachment_id=12844'><img loading=\"lazy\" decoding=\"async\" width=\"250\" height=\"141\" src=\"https:\/\/www.benarabi.org\/wp-content\/uploads\/2025\/02\/FOTO-3-250x141.jpg\" class=\"attachment-thumbnail size-thumbnail\" alt=\"\" srcset=\"https:\/\/www.benarabi.org\/wp-content\/uploads\/2025\/02\/FOTO-3-250x141.jpg 250w, https:\/\/www.benarabi.org\/wp-content\/uploads\/2025\/02\/FOTO-3-850x478.jpg 850w, https:\/\/www.benarabi.org\/wp-content\/uploads\/2025\/02\/FOTO-3-1200x675.jpg 1200w\" sizes=\"auto, (max-width: 250px) 100vw, 250px\" \/><\/a>\n\t\t\t<\/div><\/figure><figure class='gallery-item'>\n\t\t\t<div class='gallery-icon landscape'>\n\t\t\t\t<a href='https:\/\/www.benarabi.org\/?attachment_id=12845'><img loading=\"lazy\" decoding=\"async\" width=\"250\" height=\"141\" src=\"https:\/\/www.benarabi.org\/wp-content\/uploads\/2025\/02\/FOTO-4-250x141.jpg\" class=\"attachment-thumbnail size-thumbnail\" alt=\"\" srcset=\"https:\/\/www.benarabi.org\/wp-content\/uploads\/2025\/02\/FOTO-4-250x141.jpg 250w, https:\/\/www.benarabi.org\/wp-content\/uploads\/2025\/02\/FOTO-4-850x478.jpg 850w, https:\/\/www.benarabi.org\/wp-content\/uploads\/2025\/02\/FOTO-4-1200x675.jpg 1200w\" sizes=\"auto, (max-width: 250px) 100vw, 250px\" \/><\/a>\n\t\t\t<\/div><\/figure><figure class='gallery-item'>\n\t\t\t<div class='gallery-icon landscape'>\n\t\t\t\t<a href='https:\/\/www.benarabi.org\/?attachment_id=12846'><img loading=\"lazy\" decoding=\"async\" width=\"250\" height=\"141\" src=\"https:\/\/www.benarabi.org\/wp-content\/uploads\/2025\/02\/FOTO-1-250x141.jpg\" class=\"attachment-thumbnail size-thumbnail\" alt=\"\" srcset=\"https:\/\/www.benarabi.org\/wp-content\/uploads\/2025\/02\/FOTO-1-250x141.jpg 250w, https:\/\/www.benarabi.org\/wp-content\/uploads\/2025\/02\/FOTO-1-850x478.jpg 850w, https:\/\/www.benarabi.org\/wp-content\/uploads\/2025\/02\/FOTO-1-1200x675.jpg 1200w\" sizes=\"auto, (max-width: 250px) 100vw, 250px\" \/><\/a>\n\t\t\t<\/div><\/figure>\n\t\t<\/div>\n\n","protected":false},"excerpt":{"rendered":"<p>Durante este mes de enero los alumnos de 3\u00ba y 4\u00ba de la ESO est\u00e1n participando en tutor\u00eda\u00a0 en las charlas de sensibilizaci\u00f3n ofrecidas por la profesional Mar\u00eda \u00c1ngeles D\u00edaz Lozano, secretaria de la Asociaci\u00f3n D\u2019Genes de Enfermedades Raras de la Regi\u00f3n de Murcia y presidenta de la Asociaci\u00f3n Nacional S\u00edndromes Ehlers-Danlos e Hiperlaxitud. Desde [&hellip;]<\/p>\n","protected":false},"author":1,"featured_media":0,"comment_status":"closed","ping_status":"open","sticky":false,"template":"","format":"standard","meta":{"footnotes":""},"categories":[1],"tags":[],"class_list":["post-12842","post","type-post","status-publish","format-standard","hentry","category-sin-categoria"],"_links":{"self":[{"href":"https:\/\/www.benarabi.org\/index.php?rest_route=\/wp\/v2\/posts\/12842","targetHints":{"allow":["GET"]}}],"collection":[{"href":"https:\/\/www.benarabi.org\/index.php?rest_route=\/wp\/v2\/posts"}],"about":[{"href":"https:\/\/www.benarabi.org\/index.php?rest_route=\/wp\/v2\/types\/post"}],"author":[{"embeddable":true,"href":"https:\/\/www.benarabi.org\/index.php?rest_route=\/wp\/v2\/users\/1"}],"replies":[{"embeddable":true,"href":"https:\/\/www.benarabi.org\/index.php?rest_route=%2Fwp%2Fv2%2Fcomments&post=12842"}],"version-history":[{"count":1,"href":"https:\/\/www.benarabi.org\/index.php?rest_route=\/wp\/v2\/posts\/12842\/revisions"}],"predecessor-version":[{"id":12847,"href":"https:\/\/www.benarabi.org\/index.php?rest_route=\/wp\/v2\/posts\/12842\/revisions\/12847"}],"wp:attachment":[{"href":"https:\/\/www.benarabi.org\/index.php?rest_route=%2Fwp%2Fv2%2Fmedia&parent=12842"}],"wp:term":[{"taxonomy":"category","embeddable":true,"href":"https:\/\/www.benarabi.org\/index.php?rest_route=%2Fwp%2Fv2%2Fcategories&post=12842"},{"taxonomy":"post_tag","embeddable":true,"href":"https:\/\/www.benarabi.org\/index.php?rest_route=%2Fwp%2Fv2%2Ftags&post=12842"}],"curies":[{"name":"wp","href":"https:\/\/api.w.org\/{rel}","templated":true}]}}