{"id":12892,"date":"2025-02-14T09:59:06","date_gmt":"2025-02-14T08:59:06","guid":{"rendered":"https:\/\/www.benarabi.org\/?p=12892"},"modified":"2025-02-27T12:13:45","modified_gmt":"2025-02-27T11:13:45","slug":"ayudas-individualizadas-de-transporte-escolar-curso-2023-2024","status":"publish","type":"post","link":"https:\/\/www.benarabi.org\/?p=12892","title":{"rendered":"Ayudas individualizadas de transporte escolar curso 2023-2024"},"content":{"rendered":"<p style=\"text-align: justify;\"><img loading=\"lazy\" decoding=\"async\" class=\"size-full alignleft\" src=\"https:\/\/www.benarabi.org\/wp-content\/uploads\/2020\/06\/ayudas-individualizadas-de-transporte-escolar-para-el-curso-2017-2018-e1592845465566.jpg\" width=\"150\" height=\"148\" \/>Se ha publicado la convocatoria de ayudas individualizadas de\u00a0<span class=\"il\">transporte<\/span>\u00a0escolar seg\u00fan extracto de Orden de la Consejer\u00eda de Educaci\u00f3n, Formaci\u00f3n Profesional y Empleo por la que se convocan ayudas individualizadas de\u00a0<span class=\"il\">transporte<\/span> escolar para el curso 2023-2024. Puede consultar el extracto de la orden <a href=\"https:\/\/eur05.safelinks.protection.outlook.com\/?url=https%3A%2F%2Fservicios.educarm.es%2Ftemplates%2Fportal%2Fficheros%2FwebsDinamicas%2F45%2F679%2520Extrac%2520y%2520conv%252023-24%2520BORM%252014-2-25.pdf&amp;data=05%7C02%7Ccentrossecundaria%40listas.carm.es%7Cf71ddfc6549249e8d5b008dd4cd233cc%7Ca88b9f941a954624b67a855d708276bb%7C0%7C0%7C638751190193742019%7CUnknown%7CTWFpbGZsb3d8eyJFbXB0eU1hcGkiOnRydWUsIlYiOiIwLjAuMDAwMCIsIlAiOiJXaW4zMiIsIkFOIjoiTWFpbCIsIldUIjoyfQ%3D%3D%7C0%7C%7C%7C&amp;sdata=DoelgVI5ngZVWTyjc6eTg%2BJdWtVu6JWZBE%2BrvWNFHwU%3D&amp;reserved=0\">pinchando aqu\u00ed.<\/a><\/p>\n<p style=\"text-align: justify;\">El plazo presentaci\u00f3n solicitudes: Del 17 al 28 de febrero de 2025.<\/p>\n","protected":false},"excerpt":{"rendered":"<p>Se ha publicado la convocatoria de ayudas individualizadas de\u00a0transporte\u00a0escolar seg\u00fan extracto de Orden de la Consejer\u00eda de Educaci\u00f3n, Formaci\u00f3n Profesional y Empleo por la que se convocan ayudas individualizadas de\u00a0transporte escolar para el curso 2023-2024. Puede consultar el extracto de la orden pinchando aqu\u00ed. El plazo presentaci\u00f3n solicitudes: Del 17 al 28 de febrero de [&hellip;]<\/p>\n","protected":false},"author":1,"featured_media":0,"comment_status":"closed","ping_status":"open","sticky":false,"template":"","format":"standard","meta":{"footnotes":""},"categories":[1],"tags":[],"class_list":["post-12892","post","type-post","status-publish","format-standard","hentry","category-sin-categoria"],"_links":{"self":[{"href":"https:\/\/www.benarabi.org\/index.php?rest_route=\/wp\/v2\/posts\/12892","targetHints":{"allow":["GET"]}}],"collection":[{"href":"https:\/\/www.benarabi.org\/index.php?rest_route=\/wp\/v2\/posts"}],"about":[{"href":"https:\/\/www.benarabi.org\/index.php?rest_route=\/wp\/v2\/types\/post"}],"author":[{"embeddable":true,"href":"https:\/\/www.benarabi.org\/index.php?rest_route=\/wp\/v2\/users\/1"}],"replies":[{"embeddable":true,"href":"https:\/\/www.benarabi.org\/index.php?rest_route=%2Fwp%2Fv2%2Fcomments&post=12892"}],"version-history":[{"count":5,"href":"https:\/\/www.benarabi.org\/index.php?rest_route=\/wp\/v2\/posts\/12892\/revisions"}],"predecessor-version":[{"id":12931,"href":"https:\/\/www.benarabi.org\/index.php?rest_route=\/wp\/v2\/posts\/12892\/revisions\/12931"}],"wp:attachment":[{"href":"https:\/\/www.benarabi.org\/index.php?rest_route=%2Fwp%2Fv2%2Fmedia&parent=12892"}],"wp:term":[{"taxonomy":"category","embeddable":true,"href":"https:\/\/www.benarabi.org\/index.php?rest_route=%2Fwp%2Fv2%2Fcategories&post=12892"},{"taxonomy":"post_tag","embeddable":true,"href":"https:\/\/www.benarabi.org\/index.php?rest_route=%2Fwp%2Fv2%2Ftags&post=12892"}],"curies":[{"name":"wp","href":"https:\/\/api.w.org\/{rel}","templated":true}]}}