{"id":12900,"date":"2025-02-24T12:01:02","date_gmt":"2025-02-24T11:01:02","guid":{"rendered":"https:\/\/www.benarabi.org\/?p=12900"},"modified":"2025-04-08T09:25:55","modified_gmt":"2025-04-08T07:25:55","slug":"admision-del-alumnado-curso-25-26","status":"publish","type":"post","link":"https:\/\/www.benarabi.org\/?p=12900","title":{"rendered":"Admisi\u00f3n del alumnado Curso 25-26"},"content":{"rendered":"<p style=\"text-align: justify;\"><a href=\"https:\/\/www.benarabi.org\/wp-content\/uploads\/2025\/02\/cartel_eso-bach_2025.jpg\"><img loading=\"lazy\" decoding=\"async\" class=\"wp-image-12906 alignleft\" src=\"https:\/\/www.benarabi.org\/wp-content\/uploads\/2025\/02\/cartel_eso-bach_2025.jpg\" alt=\"\" width=\"150\" height=\"83\" srcset=\"https:\/\/www.benarabi.org\/wp-content\/uploads\/2025\/02\/cartel_eso-bach_2025.jpg 1715w, https:\/\/www.benarabi.org\/wp-content\/uploads\/2025\/02\/cartel_eso-bach_2025-850x478.jpg 850w, https:\/\/www.benarabi.org\/wp-content\/uploads\/2025\/02\/cartel_eso-bach_2025-1200x675.jpg 1200w, https:\/\/www.benarabi.org\/wp-content\/uploads\/2025\/02\/cartel_eso-bach_2025-768x427.jpg 768w, https:\/\/www.benarabi.org\/wp-content\/uploads\/2025\/02\/cartel_eso-bach_2025-1536x854.jpg 1536w\" sizes=\"auto, (max-width: 150px) 100vw, 150px\" \/><\/a>El viernes <strong>14 de marzo <\/strong><strong>de 2025 <\/strong>comienza el Proceso de Admisi\u00f3n Escolar 2025-26. El plazo para la <strong>presentaci\u00f3n de solicitudes<\/strong>\u00a0comprender\u00e1\u00a0<strong>del 14 de marzo al 4 de abril<\/strong>, ambos inclusive.<\/p>\n<p style=\"text-align: justify;\">Para presentar las solicitudes en el centro, se debe pedir\u00a0<strong>CITA PREVIA<\/strong>, llamando al tel\u00e9fono del instituto (968 31 31 30), a partir del martes 4 de marzo. (Horario para coger cita: 10:00 a 12:45 h).<\/p>\n<p style=\"text-align: justify;\">Si quieres ver la \u00a0<strong>Resoluci\u00f3n de 13 de febrero de 2025<\/strong>, de la Direcci\u00f3n General de Recursos Humanos, Planificaci\u00f3n Educativa e Innovaci\u00f3n, por la que se dictan\u00a0<strong>instrucciones<\/strong> para el proceso ordinario de escolarizaci\u00f3n de alumnado en centros p\u00fablicos y privados concertados de Educaci\u00f3n Secundaria Obligatoria y Bachillerato en el curso escolar 2025-2026, <a href=\"https:\/\/eur05.safelinks.protection.outlook.com\/?url=https%3A%2F%2Fwww.borm.es%2Fservices%2Fanuncio%2Fano%2F2025%2Fnumero%2F751%2Fpdf&amp;data=05%7C02%7Ccentrossecundaria%40listas.carm.es%7C86e7f30b738041ad5b8508dd50c03fc1%7Ca88b9f941a954624b67a855d708276bb%7C0%7C0%7C638755510628969504%7CUnknown%7CTWFpbGZsb3d8eyJFbXB0eU1hcGkiOnRydWUsIlYiOiIwLjAuMDAwMCIsIlAiOiJXaW4zMiIsIkFOIjoiTWFpbCIsIldUIjoyfQ%3D%3D%7C80000%7C%7C%7C&amp;sdata=dgEH4kdVCUTZPqQ2RkuHNKmcUHA7Y%2BL0dc%2BJqhPvVog%3D&amp;reserved=0\" target=\"_blank\" rel=\"noopener\">pincha aqu\u00ed<\/a>.<\/p>\n<p style=\"text-align: justify;\">El\u00a0<strong>Criterio Complementario de Centro Escolar<\/strong>\u00a0(CCC) es \u00abSer hijo o hermano de antiguo alumno\u00bb.<\/p>\n<p style=\"text-align: justify;\">Si quieres acceder a la web de Educarm con toda la informaci\u00f3n\u00a0<a href=\"http:\/\/www.educarm.es\/admision\" target=\"_blank\" rel=\"noopener\">pincha aqu\u00ed<\/a>. No obstante, os enlazamos a los siguientes contenidos destacados:<\/p>\n<ul style=\"text-align: justify;\">\n<li><a href=\"https:\/\/www.benarabi.org\/wp-content\/uploads\/2025\/02\/cartel_eso-bach_2025.jpg\">Infograf\u00eda de fechas<\/a>.<\/li>\n<li><a href=\"https:\/\/planificacion.murciaeduca.es\/docs\/docs_planificacion\/baremo_esobach.jpg\" target=\"_blank\" rel=\"noopener\">Infograf\u00eda de baremo.<\/a><\/li>\n<li><a href=\"https:\/\/planificacion.murciaeduca.es\/?c29saWNpdHVkZXM9ZXlKbGJuTmxibUZ1ZW1FaU9pSmxjMjhpTENKbVlYTmxJam9pYjNKa2FXNWhjbWxoSW4wPQ==\">Impreso de solicitud de ESO de fase ordinaria.<\/a><\/li>\n<li><a href=\"https:\/\/planificacion.murciaeduca.es\/?c29saWNpdHVkZXM9ZXlKbGJuTmxibUZ1ZW1FaU9pSmlZV05vSWl3aVptRnpaU0k2SW05eVpHbHVZWEpwWVNKOQ==\">Impreso de solicitud de Bachillerato de fase ordinaria<\/a>.<\/li>\n<\/ul>\n<p style=\"text-align: justify;\">Para que puedas conocer nuestro centro hemos preparado la\u00a0<a href=\"https:\/\/view.genial.ly\/621617243758630019d892c5\/guide-copia-presentacion-ies-ben-arabi\"><strong>siguiente presentaci\u00f3n<\/strong><\/a>\u00a0. Tambi\u00e9n se encuentra disponible en el men\u00fa principal de esta web, en \u00abConoce el IES Ben Arabi\u00bb.<\/p>\n<p style=\"text-align: justify;\">El\u00a0<strong>mi\u00e9rcoles 26 de febrero a las 16:30h<\/strong>, a trav\u00e9s de\u00a0<strong>Meet<\/strong>, habr\u00e1 una\u00a0<strong>sesi\u00f3n informativa para las familias<\/strong> de colegios adscritos con el Equipo Directivo donde se tratar\u00e1n temas relacionados con la admisi\u00f3n y el funcionamiento del centro. <strong>Enlace a la videollamada<\/strong>: <a href=\"https:\/\/meet.google.com\/cit-vbpu-tqy?hs=122&amp;authuser=1\" target=\"_blank\" rel=\"noopener\">https:\/\/meet.google.com\/cit-vbpu-tqy?hs=122&amp;authuser=1<\/a><\/p>\n","protected":false},"excerpt":{"rendered":"<p>El viernes 14 de marzo de 2025 comienza el Proceso de Admisi\u00f3n Escolar 2025-26. El plazo para la presentaci\u00f3n de solicitudes\u00a0comprender\u00e1\u00a0del 14 de marzo al 4 de abril, ambos inclusive. Para presentar las solicitudes en el centro, se debe pedir\u00a0CITA PREVIA, llamando al tel\u00e9fono del instituto (968 31 31 30), a partir del martes 4 [&hellip;]<\/p>\n","protected":false},"author":1,"featured_media":0,"comment_status":"closed","ping_status":"open","sticky":false,"template":"","format":"standard","meta":{"footnotes":""},"categories":[1],"tags":[],"class_list":["post-12900","post","type-post","status-publish","format-standard","hentry","category-sin-categoria"],"_links":{"self":[{"href":"https:\/\/www.benarabi.org\/index.php?rest_route=\/wp\/v2\/posts\/12900","targetHints":{"allow":["GET"]}}],"collection":[{"href":"https:\/\/www.benarabi.org\/index.php?rest_route=\/wp\/v2\/posts"}],"about":[{"href":"https:\/\/www.benarabi.org\/index.php?rest_route=\/wp\/v2\/types\/post"}],"author":[{"embeddable":true,"href":"https:\/\/www.benarabi.org\/index.php?rest_route=\/wp\/v2\/users\/1"}],"replies":[{"embeddable":true,"href":"https:\/\/www.benarabi.org\/index.php?rest_route=%2Fwp%2Fv2%2Fcomments&post=12900"}],"version-history":[{"count":9,"href":"https:\/\/www.benarabi.org\/index.php?rest_route=\/wp\/v2\/posts\/12900\/revisions"}],"predecessor-version":[{"id":12992,"href":"https:\/\/www.benarabi.org\/index.php?rest_route=\/wp\/v2\/posts\/12900\/revisions\/12992"}],"wp:attachment":[{"href":"https:\/\/www.benarabi.org\/index.php?rest_route=%2Fwp%2Fv2%2Fmedia&parent=12900"}],"wp:term":[{"taxonomy":"category","embeddable":true,"href":"https:\/\/www.benarabi.org\/index.php?rest_route=%2Fwp%2Fv2%2Fcategories&post=12900"},{"taxonomy":"post_tag","embeddable":true,"href":"https:\/\/www.benarabi.org\/index.php?rest_route=%2Fwp%2Fv2%2Ftags&post=12900"}],"curies":[{"name":"wp","href":"https:\/\/api.w.org\/{rel}","templated":true}]}}