{"id":12962,"date":"2025-03-07T09:19:09","date_gmt":"2025-03-07T08:19:09","guid":{"rendered":"https:\/\/www.benarabi.org\/?p=12962"},"modified":"2025-03-07T09:19:09","modified_gmt":"2025-03-07T08:19:09","slug":"estreno-de-la-obra-hoy-no-me-puedo-levantar","status":"publish","type":"post","link":"https:\/\/www.benarabi.org\/?p=12962","title":{"rendered":"Estreno de la obra\u00a0Hoy no me puedo levantar!!"},"content":{"rendered":"<p style=\"text-align: justify;\"><span style=\"color: #222222;\"><span style=\"font-family: Arial, sans-serif;\"><a href=\"https:\/\/www.benarabi.org\/wp-content\/uploads\/2025\/03\/Cartel.jpeg\"><img loading=\"lazy\" decoding=\"async\" class=\"wp-image-12963 alignleft\" src=\"https:\/\/www.benarabi.org\/wp-content\/uploads\/2025\/03\/Cartel.jpeg\" alt=\"\" width=\"150\" height=\"214\" srcset=\"https:\/\/www.benarabi.org\/wp-content\/uploads\/2025\/03\/Cartel.jpeg 1434w, https:\/\/www.benarabi.org\/wp-content\/uploads\/2025\/03\/Cartel-768x1097.jpeg 768w, https:\/\/www.benarabi.org\/wp-content\/uploads\/2025\/03\/Cartel-1076x1536.jpeg 1076w\" sizes=\"auto, (max-width: 150px) 100vw, 150px\" \/><\/a>Los alumnos de\u00a0<\/span><\/span><span style=\"color: #222222;\"><span style=\"font-family: Arial, sans-serif;\"><b>Artes esc\u00e9nicas de 2\u00ba de bachillerato del IES Ben Arab\u00ed<\/b><\/span><\/span><span style=\"color: #222222;\"><span style=\"font-family: Arial, sans-serif;\">\u00a0se complacen en invitaros al estreno de su obra\u00a0<\/span><\/span><span style=\"color: #222222;\"><span style=\"font-family: Arial, sans-serif;\"><i><b>Hoy no me puedo levantar<\/b><\/i><\/span><\/span><span style=\"color: #222222;\"><span style=\"font-family: Arial, sans-serif;\">, la representaci\u00f3n tendr\u00e1 lugar el d\u00eda\u00a0<\/span><\/span><span style=\"color: #222222;\"><span style=\"font-family: Arial, sans-serif;\"><b>11 de marzo\u00a0<\/b><\/span><\/span><span style=\"color: #222222;\"><span style=\"font-family: Arial, sans-serif;\">en el\u00a0<\/span><\/span><span style=\"color: #222222;\"><span style=\"font-family: Arial, sans-serif;\"><b>Centro Cultural Ram\u00f3n Alonso Luzzy de Cartagena<\/b><\/span><\/span><span style=\"color: #222222;\"><span style=\"font-family: Arial, sans-serif;\">\u00a0a las\u00a0<\/span><\/span><span style=\"color: #222222;\"><span style=\"font-family: Arial, sans-serif;\"><b>11:00\u00a0<\/b><\/span><\/span><span style=\"color: #222222;\"><span style=\"font-family: Arial, sans-serif;\">de forma gratuita para determinados alumnos de ESO y Bachillerato, y a las<\/span><\/span><span style=\"color: #222222;\"><span style=\"font-family: Arial, sans-serif;\"><b>\u00a018:00\u00a0<\/b><\/span><\/span><span style=\"color: #222222;\"><span style=\"font-family: Arial, sans-serif;\">abierto a todo el p\u00fablico previo pago de<\/span><\/span><span style=\"color: #222222;\"><span style=\"font-family: Arial, sans-serif;\"><b>\u00a0<\/b><\/span><\/span><span style=\"color: #222222;\"><span style=\"font-family: Arial, sans-serif;\">las entradas, las cuales se podr\u00e1 adquirir en Jefatura de estudios a partir del martes 4 de marzo. El precio ser\u00e1 de\u00a0<\/span><\/span><span style=\"color: #222222;\"><span style=\"font-family: Arial, sans-serif;\"><b>5\u20ac<\/b><\/span><\/span><span style=\"color: #222222;\"><span style=\"font-family: Arial, sans-serif;\">\u00a0y la recaudaci\u00f3n ir\u00e1 en beneficio del Proyecto\u00a0<\/span><\/span><span style=\"color: #222222;\"><span style=\"font-family: Arial, sans-serif;\"><i>Un pez cebra para cada enfermedad rara.<\/i><\/span><\/span><\/p>\n<p style=\"text-align: justify;\"><span style=\"color: #222222;\"><span style=\"font-family: Arial, sans-serif;\">Tanto los alumnos de B2AE, B2PE y B1AE como las profesoras Carmen Izquierdo Plazas y Cristina Ram\u00edrez Quesada, han puesto mucho esfuerzo y mucha ilusi\u00f3n en este proyecto y esperamos que disfrut\u00e9is del resultado. Queremos dar un agradecimiento muy especial a\u00a0<\/span><\/span><span style=\"color: #222222;\"><span style=\"font-family: Arial, sans-serif;\"><b>Ainhoa Barranco Riquelme (B2AP)<\/b><\/span><\/span><span style=\"color: #222222;\"><span style=\"font-family: Arial, sans-serif;\">\u00a0por el dise\u00f1o y creaci\u00f3n del cartel. \u00a1Viva el teatro! \u00a1Viva la m\u00fasica! \u00a1Arriba el tel\u00f3n!<\/span><\/span><\/p>\n","protected":false},"excerpt":{"rendered":"<p>Los alumnos de\u00a0Artes esc\u00e9nicas de 2\u00ba de bachillerato del IES Ben Arab\u00ed\u00a0se complacen en invitaros al estreno de su obra\u00a0Hoy no me puedo levantar, la representaci\u00f3n tendr\u00e1 lugar el d\u00eda\u00a011 de marzo\u00a0en el\u00a0Centro Cultural Ram\u00f3n Alonso Luzzy de Cartagena\u00a0a las\u00a011:00\u00a0de forma gratuita para determinados alumnos de ESO y Bachillerato, y a las\u00a018:00\u00a0abierto a todo el [&hellip;]<\/p>\n","protected":false},"author":1,"featured_media":0,"comment_status":"closed","ping_status":"open","sticky":false,"template":"","format":"standard","meta":{"footnotes":""},"categories":[1],"tags":[],"class_list":["post-12962","post","type-post","status-publish","format-standard","hentry","category-sin-categoria"],"_links":{"self":[{"href":"https:\/\/www.benarabi.org\/index.php?rest_route=\/wp\/v2\/posts\/12962","targetHints":{"allow":["GET"]}}],"collection":[{"href":"https:\/\/www.benarabi.org\/index.php?rest_route=\/wp\/v2\/posts"}],"about":[{"href":"https:\/\/www.benarabi.org\/index.php?rest_route=\/wp\/v2\/types\/post"}],"author":[{"embeddable":true,"href":"https:\/\/www.benarabi.org\/index.php?rest_route=\/wp\/v2\/users\/1"}],"replies":[{"embeddable":true,"href":"https:\/\/www.benarabi.org\/index.php?rest_route=%2Fwp%2Fv2%2Fcomments&post=12962"}],"version-history":[{"count":1,"href":"https:\/\/www.benarabi.org\/index.php?rest_route=\/wp\/v2\/posts\/12962\/revisions"}],"predecessor-version":[{"id":12964,"href":"https:\/\/www.benarabi.org\/index.php?rest_route=\/wp\/v2\/posts\/12962\/revisions\/12964"}],"wp:attachment":[{"href":"https:\/\/www.benarabi.org\/index.php?rest_route=%2Fwp%2Fv2%2Fmedia&parent=12962"}],"wp:term":[{"taxonomy":"category","embeddable":true,"href":"https:\/\/www.benarabi.org\/index.php?rest_route=%2Fwp%2Fv2%2Fcategories&post=12962"},{"taxonomy":"post_tag","embeddable":true,"href":"https:\/\/www.benarabi.org\/index.php?rest_route=%2Fwp%2Fv2%2Ftags&post=12962"}],"curies":[{"name":"wp","href":"https:\/\/api.w.org\/{rel}","templated":true}]}}