{"id":12994,"date":"2025-03-14T09:41:14","date_gmt":"2025-03-14T08:41:14","guid":{"rendered":"https:\/\/www.benarabi.org\/?p=12994"},"modified":"2025-03-14T09:41:14","modified_gmt":"2025-03-14T08:41:14","slug":"los-alumnos-del-ben-arabi-participan-en-la-primera-muestra-de-coros-escolares-en-el-luzzy","status":"publish","type":"post","link":"https:\/\/www.benarabi.org\/?p=12994","title":{"rendered":"Los alumnos del Ben Arabi participan en la primera muestra de coros escolares en el Luzzy"},"content":{"rendered":"<p style=\"text-align: justify;\"><a href=\"https:\/\/www.benarabi.org\/wp-content\/uploads\/2025\/03\/276701.png\"><img loading=\"lazy\" decoding=\"async\" class=\"wp-image-12995 alignleft\" src=\"https:\/\/www.benarabi.org\/wp-content\/uploads\/2025\/03\/276701.png\" alt=\"\" width=\"150\" height=\"100\" srcset=\"https:\/\/www.benarabi.org\/wp-content\/uploads\/2025\/03\/276701.png 1200w, https:\/\/www.benarabi.org\/wp-content\/uploads\/2025\/03\/276701-768x512.png 768w\" sizes=\"auto, (max-width: 150px) 100vw, 150px\" \/><\/a>El\u00a0<strong>Centro Cultural Ram\u00f3n Alonso Luzzy<\/strong>\u00a0ha acogido este mi\u00e9rcoles 12 de marzo la primera\u00a0<strong>muestra de coros escolares\u00a0<\/strong>de<strong>\u00a0Cartagena.\u00a0<\/strong>Se trata de un nuevo programa\u00a0impulsado por<strong>\u00a0Educaci\u00f3n del Ayuntamiento,\u00a0<\/strong>que ha reunido a\u00a0<strong>320 alumnos\u00a0<\/strong>de\u00a0<strong>ocho centros educativos\u00a0<\/strong>del municipio.<\/p>\n<p style=\"text-align: justify;\">La iniciativa ha sido inaugurada\u00a0por\u00a0concejal de Educaci\u00f3n.\u00a0<strong>Ignacio J\u00e1udenes,<\/strong>\u00a0quien ha explicado que este nuevo programa\u00a0busca promover el\u00a0<strong>trabajo cooperativo\u00a0<\/strong>entre los\u00a0<strong>centros educativos\u00a0<\/strong>e\u00a0incentivar el inter\u00e9s por la\u00a0<strong>m\u00fasica coral.<\/strong>\u00a0\u00abEsta actividad sirve para\u00a0<strong>visibilizar<\/strong>\u00a0el esfuerzo\u00a0que\u00a0han realizado los\u00a0<strong>alumnos\u00a0<\/strong>con sus\u00a0<strong>compa\u00f1eros\u00a0<\/strong>y\u00a0<strong>profesores<\/strong>, ya que han preparado sus actuaciones\u00a0durante todo\u00a0<strong>un a\u00f1o<\/strong>\u00ab, ha subrayado el edil.<\/p>\n<p style=\"text-align: justify;\">Los alumnos que han participado en esta actividad han sido tanto de\u00a0<strong>Educaci\u00f3n Primaria\u00a0<\/strong>como\u00a0<strong>Secundaria y Bachillerato<\/strong>. En concreto, en esta jornada han actuado los grupos corales de los siguientes centros:\u00a0<strong>IES Juan Sebasti\u00e1n Elcano, CEIP Virgen del Carmen, Colegio Narval, CEIP Jos\u00e9 Mar\u00eda Lapuerta, CEIP San Isidoro y Santa Florentina, CEIP La Concepci\u00f3n, CEIP La Atalaya\u00a0<\/strong>e<strong> IES Ben Arabi.<\/strong><\/p>\n<div id='gallery-1' class='gallery galleryid-12994 gallery-columns-8 gallery-size-thumbnail'><figure class='gallery-item'>\n\t\t\t<div class='gallery-icon landscape'>\n\t\t\t\t<a href='https:\/\/www.benarabi.org\/?attachment_id=12995'><img loading=\"lazy\" decoding=\"async\" width=\"250\" height=\"141\" src=\"https:\/\/www.benarabi.org\/wp-content\/uploads\/2025\/03\/276701-250x141.png\" class=\"attachment-thumbnail size-thumbnail\" alt=\"\" srcset=\"https:\/\/www.benarabi.org\/wp-content\/uploads\/2025\/03\/276701-250x141.png 250w, https:\/\/www.benarabi.org\/wp-content\/uploads\/2025\/03\/276701-850x478.png 850w, https:\/\/www.benarabi.org\/wp-content\/uploads\/2025\/03\/276701-1200x675.png 1200w\" sizes=\"auto, (max-width: 250px) 100vw, 250px\" \/><\/a>\n\t\t\t<\/div><\/figure><figure class='gallery-item'>\n\t\t\t<div class='gallery-icon landscape'>\n\t\t\t\t<a href='https:\/\/www.benarabi.org\/?attachment_id=12996'><img loading=\"lazy\" decoding=\"async\" width=\"250\" height=\"141\" src=\"https:\/\/www.benarabi.org\/wp-content\/uploads\/2025\/03\/276700-250x141.png\" class=\"attachment-thumbnail size-thumbnail\" alt=\"\" srcset=\"https:\/\/www.benarabi.org\/wp-content\/uploads\/2025\/03\/276700-250x141.png 250w, https:\/\/www.benarabi.org\/wp-content\/uploads\/2025\/03\/276700-850x478.png 850w, https:\/\/www.benarabi.org\/wp-content\/uploads\/2025\/03\/276700-1200x675.png 1200w\" sizes=\"auto, (max-width: 250px) 100vw, 250px\" \/><\/a>\n\t\t\t<\/div><\/figure><figure class='gallery-item'>\n\t\t\t<div class='gallery-icon landscape'>\n\t\t\t\t<a href='https:\/\/www.benarabi.org\/?attachment_id=12997'><img loading=\"lazy\" decoding=\"async\" width=\"250\" height=\"141\" src=\"https:\/\/www.benarabi.org\/wp-content\/uploads\/2025\/03\/276683-250x141.png\" class=\"attachment-thumbnail size-thumbnail\" alt=\"\" srcset=\"https:\/\/www.benarabi.org\/wp-content\/uploads\/2025\/03\/276683-250x141.png 250w, https:\/\/www.benarabi.org\/wp-content\/uploads\/2025\/03\/276683-850x478.png 850w, https:\/\/www.benarabi.org\/wp-content\/uploads\/2025\/03\/276683-1200x675.png 1200w\" sizes=\"auto, (max-width: 250px) 100vw, 250px\" \/><\/a>\n\t\t\t<\/div><\/figure><figure class='gallery-item'>\n\t\t\t<div class='gallery-icon landscape'>\n\t\t\t\t<a href='https:\/\/www.benarabi.org\/?attachment_id=12998'><img loading=\"lazy\" decoding=\"async\" width=\"250\" height=\"141\" src=\"https:\/\/www.benarabi.org\/wp-content\/uploads\/2025\/03\/1741902697630-250x141.jpg\" class=\"attachment-thumbnail size-thumbnail\" alt=\"\" srcset=\"https:\/\/www.benarabi.org\/wp-content\/uploads\/2025\/03\/1741902697630-250x141.jpg 250w, https:\/\/www.benarabi.org\/wp-content\/uploads\/2025\/03\/1741902697630-850x478.jpg 850w, https:\/\/www.benarabi.org\/wp-content\/uploads\/2025\/03\/1741902697630-1200x675.jpg 1200w\" sizes=\"auto, (max-width: 250px) 100vw, 250px\" \/><\/a>\n\t\t\t<\/div><\/figure><figure class='gallery-item'>\n\t\t\t<div class='gallery-icon landscape'>\n\t\t\t\t<a href='https:\/\/www.benarabi.org\/?attachment_id=12999'><img loading=\"lazy\" decoding=\"async\" width=\"250\" height=\"141\" src=\"https:\/\/www.benarabi.org\/wp-content\/uploads\/2025\/03\/1741902697879-250x141.jpg\" class=\"attachment-thumbnail size-thumbnail\" alt=\"\" srcset=\"https:\/\/www.benarabi.org\/wp-content\/uploads\/2025\/03\/1741902697879-250x141.jpg 250w, https:\/\/www.benarabi.org\/wp-content\/uploads\/2025\/03\/1741902697879-850x478.jpg 850w, https:\/\/www.benarabi.org\/wp-content\/uploads\/2025\/03\/1741902697879-1200x675.jpg 1200w\" sizes=\"auto, (max-width: 250px) 100vw, 250px\" \/><\/a>\n\t\t\t<\/div><\/figure>\n\t\t<\/div>\n\n","protected":false},"excerpt":{"rendered":"<p>El\u00a0Centro Cultural Ram\u00f3n Alonso Luzzy\u00a0ha acogido este mi\u00e9rcoles 12 de marzo la primera\u00a0muestra de coros escolares\u00a0de\u00a0Cartagena.\u00a0Se trata de un nuevo programa\u00a0impulsado por\u00a0Educaci\u00f3n del Ayuntamiento,\u00a0que ha reunido a\u00a0320 alumnos\u00a0de\u00a0ocho centros educativos\u00a0del municipio. La iniciativa ha sido inaugurada\u00a0por\u00a0concejal de Educaci\u00f3n.\u00a0Ignacio J\u00e1udenes,\u00a0quien ha explicado que este nuevo programa\u00a0busca promover el\u00a0trabajo cooperativo\u00a0entre los\u00a0centros educativos\u00a0e\u00a0incentivar el inter\u00e9s por la\u00a0m\u00fasica coral.\u00a0\u00abEsta [&hellip;]<\/p>\n","protected":false},"author":1,"featured_media":0,"comment_status":"closed","ping_status":"open","sticky":false,"template":"","format":"standard","meta":{"footnotes":""},"categories":[1],"tags":[],"class_list":["post-12994","post","type-post","status-publish","format-standard","hentry","category-sin-categoria"],"_links":{"self":[{"href":"https:\/\/www.benarabi.org\/index.php?rest_route=\/wp\/v2\/posts\/12994","targetHints":{"allow":["GET"]}}],"collection":[{"href":"https:\/\/www.benarabi.org\/index.php?rest_route=\/wp\/v2\/posts"}],"about":[{"href":"https:\/\/www.benarabi.org\/index.php?rest_route=\/wp\/v2\/types\/post"}],"author":[{"embeddable":true,"href":"https:\/\/www.benarabi.org\/index.php?rest_route=\/wp\/v2\/users\/1"}],"replies":[{"embeddable":true,"href":"https:\/\/www.benarabi.org\/index.php?rest_route=%2Fwp%2Fv2%2Fcomments&post=12994"}],"version-history":[{"count":1,"href":"https:\/\/www.benarabi.org\/index.php?rest_route=\/wp\/v2\/posts\/12994\/revisions"}],"predecessor-version":[{"id":13000,"href":"https:\/\/www.benarabi.org\/index.php?rest_route=\/wp\/v2\/posts\/12994\/revisions\/13000"}],"wp:attachment":[{"href":"https:\/\/www.benarabi.org\/index.php?rest_route=%2Fwp%2Fv2%2Fmedia&parent=12994"}],"wp:term":[{"taxonomy":"category","embeddable":true,"href":"https:\/\/www.benarabi.org\/index.php?rest_route=%2Fwp%2Fv2%2Fcategories&post=12994"},{"taxonomy":"post_tag","embeddable":true,"href":"https:\/\/www.benarabi.org\/index.php?rest_route=%2Fwp%2Fv2%2Ftags&post=12994"}],"curies":[{"name":"wp","href":"https:\/\/api.w.org\/{rel}","templated":true}]}}