{"id":13002,"date":"2025-03-18T10:37:38","date_gmt":"2025-03-18T09:37:38","guid":{"rendered":"https:\/\/www.benarabi.org\/?p=13002"},"modified":"2025-03-18T10:38:01","modified_gmt":"2025-03-18T09:38:01","slug":"convocatoria-premios-extraordinarios-eso-y-bachillerato-curso-2023-24","status":"publish","type":"post","link":"https:\/\/www.benarabi.org\/?p=13002","title":{"rendered":"Convocatoria Premios Extraordinarios ESO y Bachillerato Curso 2023-24"},"content":{"rendered":"<p style=\"text-align: justify;\"><img loading=\"lazy\" decoding=\"async\" class=\"alignleft\" src=\"https:\/\/www.benarabi.org\/wp-content\/uploads\/2019\/09\/d61d44254608dd06ccdd2ff02982d14d_XL-e1569234433860.jpg\" alt=\"\" width=\"150\" height=\"109\" \/><img decoding=\"async\" class=\"alignleft\" src=\"https:\/\/www.benarabi.org\/wp-content\/uploads\/2020\/09\/premiosop-e1600327296339.jpg\" \/>Con fecha 17 de marzo de 2025, se ha publicado en el BORM el Extracto de la Consejer\u00eda de Educaci\u00f3n y Formaci\u00f3n Profesional por la que se convocan los <strong>Premios Extraordinarios de Educaci\u00f3n Secundaria Obligatoria <\/strong>en la Comunidad Aut\u00f3noma de la Regi\u00f3n de Murcia, correspondientes al <strong>curso 2023-2024<\/strong> y el Extracto de la Consejer\u00eda de Educaci\u00f3n y Formaci\u00f3n Profesional por la que se convocan los <strong>Premios Extraordinarios de Bachillerato<\/strong> en la Comunidad Aut\u00f3noma de la Regi\u00f3n de Murcia, correspondiente al <strong>curso 2023-2024<\/strong>.<\/p>\n<p style=\"text-align: justify;\">Se adjuntan en esta noticia, ambas convocatorias, extractos de las mismas y la Orden de 4 de marzo de 2025, para su conocimiento.<\/p>\n<p style=\"text-align: justify;\">Se recuerda que el plazo para la presentaci\u00f3n de solicitudes por parte del alumnado interesado es del d\u00eda <strong>18 al 24 de marzo de 2025<\/strong>, ambos d\u00edas incluidos.<\/p>\n<p style=\"text-align: justify;\"><strong>PROCEDIMIENTO PARA LA INSCRIPCI\u00d3N DEL ALUMNADO<\/strong>:<\/p>\n<p style=\"text-align: justify;\">Las solicitudes de inscripci\u00f3n deber\u00e1n realizarse por los alumnos, sus padres, madres o representantes legales, que deber\u00e1n ser formalizadas <strong>seg\u00fan el modelo Anexo I.<\/strong> Su presentaci\u00f3n se realizar\u00e1, preferentemente, en la sede electr\u00f3nica de la Administraci\u00f3n P\u00fablica de la Comunidad Aut\u00f3noma de la Regi\u00f3n de Murcia (<a href=\"http:\/\/sede.carm.es\/\">http:\/\/sede.carm.es<\/a>)\u00a0 a trav\u00e9s del <strong>procedimiento 1316<\/strong>, para los Premios Extraordinarios de Educaci\u00f3n Secundaria Obligatoria, o del <strong>procedimiento 832<\/strong>, para los Premios Extraordinarios de Bachillerato. El centro educativo no podr\u00e1 realizar la tramitaci\u00f3n de inscripci\u00f3n de alumnado.<\/p>\n<ul>\n<li style=\"text-align: justify;\">Si quieres ver el extracto de la Orden de ESO, <a href=\"https:\/\/www.benarabi.org\/wp-content\/uploads\/2025\/03\/EXTRACTO-ORDEN-CONVOCATORIA-ESO-23-24.pdf\">pincha aqu\u00ed<\/a>.<\/li>\n<li style=\"text-align: justify;\">Si quieres ver la Orden de la convocatoria ESO, <a href=\"https:\/\/www.benarabi.org\/wp-content\/uploads\/2025\/03\/ESO-ORDEN-CONVOCATORIA-PE-ESO-23-24-COPIA.pdf\">pincha aqu\u00ed<\/a>.<\/li>\n<li style=\"text-align: justify;\">Si quieres ver la Orden de las bases reguladoras, <a href=\"https:\/\/www.benarabi.org\/wp-content\/uploads\/2025\/03\/Orden-de-bases-BORM-4-de-marzo-2025.pdf\">pincha aqu\u00ed<\/a>.<\/li>\n<li style=\"text-align: justify;\">Si quieres ver el extracto de la Orden de Bachillerato, <a href=\"https:\/\/www.benarabi.org\/wp-content\/uploads\/2025\/03\/EXTRACTO-ORDEN-CONVOCATORIA-BACHILLERATO-23-24.pdf\">pincha aqu\u00ed<\/a>.<\/li>\n<li style=\"text-align: justify;\">Si quieres ver la Orden de la convocatoria de Bachillerato, <a href=\"https:\/\/www.benarabi.org\/wp-content\/uploads\/2025\/03\/BACHILLERATO-ORDEN-CONVOCATORIA-PE-BACH-23-24-COPIA.pdf\">pincha aqu\u00ed<\/a>.<\/li>\n<\/ul>\n","protected":false},"excerpt":{"rendered":"<p>Con fecha 17 de marzo de 2025, se ha publicado en el BORM el Extracto de la Consejer\u00eda de Educaci\u00f3n y Formaci\u00f3n Profesional por la que se convocan los Premios Extraordinarios de Educaci\u00f3n Secundaria Obligatoria en la Comunidad Aut\u00f3noma de la Regi\u00f3n de Murcia, correspondientes al curso 2023-2024 y el Extracto de la Consejer\u00eda de [&hellip;]<\/p>\n","protected":false},"author":1,"featured_media":0,"comment_status":"closed","ping_status":"open","sticky":false,"template":"","format":"standard","meta":{"footnotes":""},"categories":[1],"tags":[],"class_list":["post-13002","post","type-post","status-publish","format-standard","hentry","category-sin-categoria"],"_links":{"self":[{"href":"https:\/\/www.benarabi.org\/index.php?rest_route=\/wp\/v2\/posts\/13002","targetHints":{"allow":["GET"]}}],"collection":[{"href":"https:\/\/www.benarabi.org\/index.php?rest_route=\/wp\/v2\/posts"}],"about":[{"href":"https:\/\/www.benarabi.org\/index.php?rest_route=\/wp\/v2\/types\/post"}],"author":[{"embeddable":true,"href":"https:\/\/www.benarabi.org\/index.php?rest_route=\/wp\/v2\/users\/1"}],"replies":[{"embeddable":true,"href":"https:\/\/www.benarabi.org\/index.php?rest_route=%2Fwp%2Fv2%2Fcomments&post=13002"}],"version-history":[{"count":2,"href":"https:\/\/www.benarabi.org\/index.php?rest_route=\/wp\/v2\/posts\/13002\/revisions"}],"predecessor-version":[{"id":13009,"href":"https:\/\/www.benarabi.org\/index.php?rest_route=\/wp\/v2\/posts\/13002\/revisions\/13009"}],"wp:attachment":[{"href":"https:\/\/www.benarabi.org\/index.php?rest_route=%2Fwp%2Fv2%2Fmedia&parent=13002"}],"wp:term":[{"taxonomy":"category","embeddable":true,"href":"https:\/\/www.benarabi.org\/index.php?rest_route=%2Fwp%2Fv2%2Fcategories&post=13002"},{"taxonomy":"post_tag","embeddable":true,"href":"https:\/\/www.benarabi.org\/index.php?rest_route=%2Fwp%2Fv2%2Ftags&post=13002"}],"curies":[{"name":"wp","href":"https:\/\/api.w.org\/{rel}","templated":true}]}}