{"id":13115,"date":"2025-04-28T09:32:45","date_gmt":"2025-04-28T07:32:45","guid":{"rendered":"https:\/\/www.benarabi.org\/?p=13115"},"modified":"2025-04-28T09:32:45","modified_gmt":"2025-04-28T07:32:45","slug":"nos-vamos-a-conocer-un-centro-de-formacion-profesional-el-ies-mediterraneo","status":"publish","type":"post","link":"https:\/\/www.benarabi.org\/?p=13115","title":{"rendered":"NOS VAMOS A CONOCER UN CENTRO DE FORMACI\u00d3N PROFESIONAL: EL IES MEDITERR\u00c1NEO"},"content":{"rendered":"<p><a href=\"https:\/\/www.benarabi.org\/wp-content\/uploads\/2025\/04\/Foto-3-scaled.jpg\"><img loading=\"lazy\" decoding=\"async\" class=\"wp-image-13118 alignleft\" src=\"https:\/\/www.benarabi.org\/wp-content\/uploads\/2025\/04\/Foto-3-scaled.jpg\" alt=\"\" width=\"150\" height=\"199\" srcset=\"https:\/\/www.benarabi.org\/wp-content\/uploads\/2025\/04\/Foto-3-scaled.jpg 1928w, https:\/\/www.benarabi.org\/wp-content\/uploads\/2025\/04\/Foto-3-768x1020.jpg 768w, https:\/\/www.benarabi.org\/wp-content\/uploads\/2025\/04\/Foto-3-1157x1536.jpg 1157w, https:\/\/www.benarabi.org\/wp-content\/uploads\/2025\/04\/Foto-3-1542x2048.jpg 1542w\" sizes=\"auto, (max-width: 150px) 100vw, 150px\" \/><\/a>El mi\u00e9rcoles 9 de abril, 15 alumnos de 4\u00ba de ESO acompa\u00f1ados del tutor de 4\u00ba de Diversificaci\u00f3n y las orientadores y Profesora de Servicios a la Comunidad del Departamento de Orientaci\u00f3n del centro; pasaron la ma\u00f1ana conociendo la oferta formativa que este centro nos ofrece.<\/p>\n<p>Profesores y alumnado de sus diferentes Ciclos Formativos nos recibieron con los brazos abiertos y contaron a nuestros alumnos c\u00f3mo es estudiar all\u00ed, adem\u00e1s de ense\u00f1arles proyectos que estaban llevando a cabo y planes de futuro.<\/p>\n<p>Nuestros alumnos visitaron stand de los diferentes ciclos formativos que ofrece este centro e hicieron actividades propuestas por el alumnado de dichos ciclos.<\/p>\n<p>Las Familias Profesionales presentes en el IES Mediterr\u00e1neo son:<\/p>\n<ol>\n<li><strong>ACTIVIDADES F\u00cdSICAS Y DEPORTIVAS<\/strong>: donde hay dos Ciclos de Grado Superior y para el pr\u00f3ximo curso se incorpora otro de Grado Medio.<\/li>\n<li><strong>ADMINISTRACI\u00d3N Y GESTI\u00d3N:<\/strong> donde hay dos Programas Formativos, una Formaci\u00f3n Profesional B\u00e1sica, un Ciclo de Grado Medio y otro Superior.<\/li>\n<li><strong>SERVICIOS SOCIOCULTURALES Y A LA COMUNIDAD<\/strong>: con un Ciclo de Grado Medio y 4 Superiores.<\/li>\n<\/ol>\n<p>Esperamos que esta visita haya ayudado a nuestro alumnado a decidirse en su trayectoria formativa para el pr\u00f3ximo a\u00f1o y ponemos la informaci\u00f3n aqu\u00ed para que llegue al resto de alumnos.<\/p>\n<p>Cualquier duda o comentario ser\u00e1n atendidos desde el Departamento de Orientaci\u00f3n y aprovechamos para recordar que si realizar un ciclo formativo es la opci\u00f3n escogida para el pr\u00f3ximo curso, las becas hay que solicitarlas ya porque el plazo est\u00e1 abierto.<\/p>\n<div id='gallery-1' class='gallery galleryid-13115 gallery-columns-5 gallery-size-thumbnail'><figure class='gallery-item'>\n\t\t\t<div class='gallery-icon landscape'>\n\t\t\t\t<a href='https:\/\/www.benarabi.org\/?attachment_id=13116'><img loading=\"lazy\" decoding=\"async\" width=\"250\" height=\"141\" src=\"https:\/\/www.benarabi.org\/wp-content\/uploads\/2025\/04\/Foto-6-250x141.jpg\" class=\"attachment-thumbnail size-thumbnail\" alt=\"\" srcset=\"https:\/\/www.benarabi.org\/wp-content\/uploads\/2025\/04\/Foto-6-250x141.jpg 250w, https:\/\/www.benarabi.org\/wp-content\/uploads\/2025\/04\/Foto-6-850x478.jpg 850w, https:\/\/www.benarabi.org\/wp-content\/uploads\/2025\/04\/Foto-6-1200x675.jpg 1200w\" sizes=\"auto, (max-width: 250px) 100vw, 250px\" \/><\/a>\n\t\t\t<\/div><\/figure><figure class='gallery-item'>\n\t\t\t<div class='gallery-icon landscape'>\n\t\t\t\t<a href='https:\/\/www.benarabi.org\/?attachment_id=13117'><img loading=\"lazy\" decoding=\"async\" width=\"250\" height=\"141\" src=\"https:\/\/www.benarabi.org\/wp-content\/uploads\/2025\/04\/Foto-4-250x141.jpg\" class=\"attachment-thumbnail size-thumbnail\" alt=\"\" srcset=\"https:\/\/www.benarabi.org\/wp-content\/uploads\/2025\/04\/Foto-4-250x141.jpg 250w, https:\/\/www.benarabi.org\/wp-content\/uploads\/2025\/04\/Foto-4-850x478.jpg 850w, https:\/\/www.benarabi.org\/wp-content\/uploads\/2025\/04\/Foto-4-1200x675.jpg 1200w\" sizes=\"auto, (max-width: 250px) 100vw, 250px\" \/><\/a>\n\t\t\t<\/div><\/figure><figure class='gallery-item'>\n\t\t\t<div class='gallery-icon portrait'>\n\t\t\t\t<a href='https:\/\/www.benarabi.org\/?attachment_id=13118'><img loading=\"lazy\" decoding=\"async\" width=\"250\" height=\"141\" src=\"https:\/\/www.benarabi.org\/wp-content\/uploads\/2025\/04\/Foto-3-250x141.jpg\" class=\"attachment-thumbnail size-thumbnail\" alt=\"\" srcset=\"https:\/\/www.benarabi.org\/wp-content\/uploads\/2025\/04\/Foto-3-250x141.jpg 250w, https:\/\/www.benarabi.org\/wp-content\/uploads\/2025\/04\/Foto-3-850x478.jpg 850w, https:\/\/www.benarabi.org\/wp-content\/uploads\/2025\/04\/Foto-3-1200x675.jpg 1200w\" sizes=\"auto, (max-width: 250px) 100vw, 250px\" \/><\/a>\n\t\t\t<\/div><\/figure><figure class='gallery-item'>\n\t\t\t<div class='gallery-icon portrait'>\n\t\t\t\t<a href='https:\/\/www.benarabi.org\/?attachment_id=13119'><img loading=\"lazy\" decoding=\"async\" width=\"250\" height=\"141\" src=\"https:\/\/www.benarabi.org\/wp-content\/uploads\/2025\/04\/Foto-1-250x141.jpg\" class=\"attachment-thumbnail size-thumbnail\" alt=\"\" srcset=\"https:\/\/www.benarabi.org\/wp-content\/uploads\/2025\/04\/Foto-1-250x141.jpg 250w, https:\/\/www.benarabi.org\/wp-content\/uploads\/2025\/04\/Foto-1-850x478.jpg 850w, https:\/\/www.benarabi.org\/wp-content\/uploads\/2025\/04\/Foto-1-1200x675.jpg 1200w\" sizes=\"auto, (max-width: 250px) 100vw, 250px\" \/><\/a>\n\t\t\t<\/div><\/figure><figure class='gallery-item'>\n\t\t\t<div class='gallery-icon landscape'>\n\t\t\t\t<a href='https:\/\/www.benarabi.org\/?attachment_id=13120'><img loading=\"lazy\" decoding=\"async\" width=\"250\" height=\"141\" src=\"https:\/\/www.benarabi.org\/wp-content\/uploads\/2025\/04\/Foto-11-250x141.jpg\" class=\"attachment-thumbnail size-thumbnail\" alt=\"\" srcset=\"https:\/\/www.benarabi.org\/wp-content\/uploads\/2025\/04\/Foto-11-250x141.jpg 250w, https:\/\/www.benarabi.org\/wp-content\/uploads\/2025\/04\/Foto-11-850x478.jpg 850w, https:\/\/www.benarabi.org\/wp-content\/uploads\/2025\/04\/Foto-11-1200x675.jpg 1200w\" sizes=\"auto, (max-width: 250px) 100vw, 250px\" \/><\/a>\n\t\t\t<\/div><\/figure>\n\t\t<\/div>\n\n","protected":false},"excerpt":{"rendered":"<p>El mi\u00e9rcoles 9 de abril, 15 alumnos de 4\u00ba de ESO acompa\u00f1ados del tutor de 4\u00ba de Diversificaci\u00f3n y las orientadores y Profesora de Servicios a la Comunidad del Departamento de Orientaci\u00f3n del centro; pasaron la ma\u00f1ana conociendo la oferta formativa que este centro nos ofrece. Profesores y alumnado de sus diferentes Ciclos Formativos nos [&hellip;]<\/p>\n","protected":false},"author":1,"featured_media":0,"comment_status":"closed","ping_status":"open","sticky":false,"template":"","format":"standard","meta":{"footnotes":""},"categories":[1],"tags":[],"class_list":["post-13115","post","type-post","status-publish","format-standard","hentry","category-sin-categoria"],"_links":{"self":[{"href":"https:\/\/www.benarabi.org\/index.php?rest_route=\/wp\/v2\/posts\/13115","targetHints":{"allow":["GET"]}}],"collection":[{"href":"https:\/\/www.benarabi.org\/index.php?rest_route=\/wp\/v2\/posts"}],"about":[{"href":"https:\/\/www.benarabi.org\/index.php?rest_route=\/wp\/v2\/types\/post"}],"author":[{"embeddable":true,"href":"https:\/\/www.benarabi.org\/index.php?rest_route=\/wp\/v2\/users\/1"}],"replies":[{"embeddable":true,"href":"https:\/\/www.benarabi.org\/index.php?rest_route=%2Fwp%2Fv2%2Fcomments&post=13115"}],"version-history":[{"count":1,"href":"https:\/\/www.benarabi.org\/index.php?rest_route=\/wp\/v2\/posts\/13115\/revisions"}],"predecessor-version":[{"id":13121,"href":"https:\/\/www.benarabi.org\/index.php?rest_route=\/wp\/v2\/posts\/13115\/revisions\/13121"}],"wp:attachment":[{"href":"https:\/\/www.benarabi.org\/index.php?rest_route=%2Fwp%2Fv2%2Fmedia&parent=13115"}],"wp:term":[{"taxonomy":"category","embeddable":true,"href":"https:\/\/www.benarabi.org\/index.php?rest_route=%2Fwp%2Fv2%2Fcategories&post=13115"},{"taxonomy":"post_tag","embeddable":true,"href":"https:\/\/www.benarabi.org\/index.php?rest_route=%2Fwp%2Fv2%2Ftags&post=13115"}],"curies":[{"name":"wp","href":"https:\/\/api.w.org\/{rel}","templated":true}]}}