{"id":13197,"date":"2025-05-30T10:32:04","date_gmt":"2025-05-30T08:32:04","guid":{"rendered":"https:\/\/www.benarabi.org\/?p=13197"},"modified":"2025-05-30T10:32:04","modified_gmt":"2025-05-30T08:32:04","slug":"acto-de-entrega-de-premios-7o-certamen-literario-vientos-del-pueblo","status":"publish","type":"post","link":"https:\/\/www.benarabi.org\/?p=13197","title":{"rendered":"Acto de entrega de premios 7\u00ba Certamen Literario Vientos del Pueblo"},"content":{"rendered":"<p><a href=\"https:\/\/www.benarabi.org\/wp-content\/uploads\/2025\/05\/Acto-de-entrega-de-premios-1_page-0001.jpg\"><img loading=\"lazy\" decoding=\"async\" class=\"wp-image-13198 alignleft\" src=\"https:\/\/www.benarabi.org\/wp-content\/uploads\/2025\/05\/Acto-de-entrega-de-premios-1_page-0001.jpg\" alt=\"\" width=\"150\" height=\"106\" srcset=\"https:\/\/www.benarabi.org\/wp-content\/uploads\/2025\/05\/Acto-de-entrega-de-premios-1_page-0001.jpg 2481w, https:\/\/www.benarabi.org\/wp-content\/uploads\/2025\/05\/Acto-de-entrega-de-premios-1_page-0001-768x543.jpg 768w, https:\/\/www.benarabi.org\/wp-content\/uploads\/2025\/05\/Acto-de-entrega-de-premios-1_page-0001-1536x1086.jpg 1536w, https:\/\/www.benarabi.org\/wp-content\/uploads\/2025\/05\/Acto-de-entrega-de-premios-1_page-0001-2048x1448.jpg 2048w\" sizes=\"auto, (max-width: 150px) 100vw, 150px\" \/><\/a>El viernes 30 de mayo, a las 12:15, los centros educativos IES Mediterr\u00e1neo, IES Ben Arab\u00ed e IES Isaac Peral, junto con la Fundaci\u00f3n Cultural Miguel Hern\u00e1ndez, dar\u00e1n a conocer los nombres de los autores premiados en el VII Certamen literario \u201cViento del pueblo\u201d, dirigido a todos los estudiantesde ESO, Formaci\u00f3n Profesional B\u00e1sica y Bachillerato de la Regi\u00f3n de Murcia.<\/p>\n","protected":false},"excerpt":{"rendered":"<p>El viernes 30 de mayo, a las 12:15, los centros educativos IES Mediterr\u00e1neo, IES Ben Arab\u00ed e IES Isaac Peral, junto con la Fundaci\u00f3n Cultural Miguel Hern\u00e1ndez, dar\u00e1n a conocer los nombres de los autores premiados en el VII Certamen literario \u201cViento del pueblo\u201d, dirigido a todos los estudiantesde ESO, Formaci\u00f3n Profesional B\u00e1sica y Bachillerato [&hellip;]<\/p>\n","protected":false},"author":1,"featured_media":0,"comment_status":"closed","ping_status":"open","sticky":false,"template":"","format":"standard","meta":{"footnotes":""},"categories":[1],"tags":[],"class_list":["post-13197","post","type-post","status-publish","format-standard","hentry","category-sin-categoria"],"_links":{"self":[{"href":"https:\/\/www.benarabi.org\/index.php?rest_route=\/wp\/v2\/posts\/13197","targetHints":{"allow":["GET"]}}],"collection":[{"href":"https:\/\/www.benarabi.org\/index.php?rest_route=\/wp\/v2\/posts"}],"about":[{"href":"https:\/\/www.benarabi.org\/index.php?rest_route=\/wp\/v2\/types\/post"}],"author":[{"embeddable":true,"href":"https:\/\/www.benarabi.org\/index.php?rest_route=\/wp\/v2\/users\/1"}],"replies":[{"embeddable":true,"href":"https:\/\/www.benarabi.org\/index.php?rest_route=%2Fwp%2Fv2%2Fcomments&post=13197"}],"version-history":[{"count":1,"href":"https:\/\/www.benarabi.org\/index.php?rest_route=\/wp\/v2\/posts\/13197\/revisions"}],"predecessor-version":[{"id":13199,"href":"https:\/\/www.benarabi.org\/index.php?rest_route=\/wp\/v2\/posts\/13197\/revisions\/13199"}],"wp:attachment":[{"href":"https:\/\/www.benarabi.org\/index.php?rest_route=%2Fwp%2Fv2%2Fmedia&parent=13197"}],"wp:term":[{"taxonomy":"category","embeddable":true,"href":"https:\/\/www.benarabi.org\/index.php?rest_route=%2Fwp%2Fv2%2Fcategories&post=13197"},{"taxonomy":"post_tag","embeddable":true,"href":"https:\/\/www.benarabi.org\/index.php?rest_route=%2Fwp%2Fv2%2Ftags&post=13197"}],"curies":[{"name":"wp","href":"https:\/\/api.w.org\/{rel}","templated":true}]}}