{"id":13267,"date":"2025-06-26T13:02:30","date_gmt":"2025-06-26T11:02:30","guid":{"rendered":"https:\/\/www.benarabi.org\/?p=13267"},"modified":"2025-06-26T13:02:30","modified_gmt":"2025-06-26T11:02:30","slug":"admision-del-alumnado-curso-25-26-listados-definitivos-y-matriculacion","status":"publish","type":"post","link":"https:\/\/www.benarabi.org\/?p=13267","title":{"rendered":"Admisi\u00f3n del alumnado Curso 25-26 (Listados definitivos y matriculaci\u00f3n)"},"content":{"rendered":"<p><img loading=\"lazy\" decoding=\"async\" class=\"size-full alignleft\" src=\"https:\/\/www.benarabi.org\/wp-content\/uploads\/2020\/07\/matriculacion_20-21-e1593759446288.jpg\" width=\"150\" height=\"136\" \/>El viernes 27 de junio se publicar\u00e1n los listados de adjudicaci\u00f3n definitivos en el tabl\u00f3n del centro. <strong>No obstante puedes consultar si has sido admitido,\u00a0<\/strong><a href=\"https:\/\/admisiones.carm.es\/Admisiones\/externo\/EstadoSolicitud\/inicio_estado_solicitud.jspx\"><strong>pinchando aqu\u00ed.<\/strong><\/a><\/p>\n<p><strong>Del 27 de junio al 3 de julio<\/strong>, las familias de los alumnos admitidos deber\u00e1n formalizar la matr\u00edcula, para ello, previamente deber\u00e1n pedir cita llamando al 968313130 a partir del 27 de junio.<\/p>\n<p>Para decargar los\u00a0<strong>documentos y las instrucciones de matriculaci\u00f3n<\/strong>\u00a0pueden\u00a0<strong><a href=\"https:\/\/view.genially.com\/67c845fc50d905da6c98d3ff\/guide-matriculacion-ies-ben-arabi-2025-26\" target=\"_blank\" rel=\"noopener\">pinchar aqu\u00ed<\/a><\/strong>, o en el apartado \u00abMatriculaci\u00f3n\u00bb de men\u00fa superior de nuestra web.<\/p>\n<p>Para que puedas\u00a0<strong>conocer nuestro centro<\/strong>\u00a0hemos preparado la\u00a0<a href=\"https:\/\/view.genial.ly\/621617243758630019d892c5\/guide-copia-presentacion-ies-ben-arabi\"><strong>siguiente presentaci\u00f3n<\/strong><\/a>\u00a0. Tambi\u00e9n se encuentra disponible en el men\u00fa principal de esta web, en \u00abConoce el IES Ben Arabi\u00bb.<\/p>\n","protected":false},"excerpt":{"rendered":"<p>El viernes 27 de junio se publicar\u00e1n los listados de adjudicaci\u00f3n definitivos en el tabl\u00f3n del centro. No obstante puedes consultar si has sido admitido,\u00a0pinchando aqu\u00ed. Del 27 de junio al 3 de julio, las familias de los alumnos admitidos deber\u00e1n formalizar la matr\u00edcula, para ello, previamente deber\u00e1n pedir cita llamando al 968313130 a partir [&hellip;]<\/p>\n","protected":false},"author":1,"featured_media":0,"comment_status":"closed","ping_status":"open","sticky":false,"template":"","format":"standard","meta":{"footnotes":""},"categories":[1],"tags":[],"class_list":["post-13267","post","type-post","status-publish","format-standard","hentry","category-sin-categoria"],"_links":{"self":[{"href":"https:\/\/www.benarabi.org\/index.php?rest_route=\/wp\/v2\/posts\/13267","targetHints":{"allow":["GET"]}}],"collection":[{"href":"https:\/\/www.benarabi.org\/index.php?rest_route=\/wp\/v2\/posts"}],"about":[{"href":"https:\/\/www.benarabi.org\/index.php?rest_route=\/wp\/v2\/types\/post"}],"author":[{"embeddable":true,"href":"https:\/\/www.benarabi.org\/index.php?rest_route=\/wp\/v2\/users\/1"}],"replies":[{"embeddable":true,"href":"https:\/\/www.benarabi.org\/index.php?rest_route=%2Fwp%2Fv2%2Fcomments&post=13267"}],"version-history":[{"count":1,"href":"https:\/\/www.benarabi.org\/index.php?rest_route=\/wp\/v2\/posts\/13267\/revisions"}],"predecessor-version":[{"id":13268,"href":"https:\/\/www.benarabi.org\/index.php?rest_route=\/wp\/v2\/posts\/13267\/revisions\/13268"}],"wp:attachment":[{"href":"https:\/\/www.benarabi.org\/index.php?rest_route=%2Fwp%2Fv2%2Fmedia&parent=13267"}],"wp:term":[{"taxonomy":"category","embeddable":true,"href":"https:\/\/www.benarabi.org\/index.php?rest_route=%2Fwp%2Fv2%2Fcategories&post=13267"},{"taxonomy":"post_tag","embeddable":true,"href":"https:\/\/www.benarabi.org\/index.php?rest_route=%2Fwp%2Fv2%2Ftags&post=13267"}],"curies":[{"name":"wp","href":"https:\/\/api.w.org\/{rel}","templated":true}]}}