{"id":13330,"date":"2025-09-03T19:14:18","date_gmt":"2025-09-03T17:14:18","guid":{"rendered":"https:\/\/www.benarabi.org\/?p=13330"},"modified":"2025-09-03T19:23:30","modified_gmt":"2025-09-03T17:23:30","slug":"bienvenidos-al-nuevo-curso-escolar-2025-26","status":"publish","type":"post","link":"https:\/\/www.benarabi.org\/?p=13330","title":{"rendered":"Bienvenidos al nuevo curso escolar 2025-26"},"content":{"rendered":"<p><img loading=\"lazy\" decoding=\"async\" class=\"alignleft\" src=\"https:\/\/www.benarabi.org\/wp-content\/uploads\/2022\/09\/vuelta-a-clases-768x576.jpg\" alt=\"\" width=\"151\" height=\"113\" \/>Estimadas familias:<\/p>\n<p style=\"text-align: justify;\">Desde el IES. Ben Arabi queremos dar la bienvenida al nuevo Curso Escolar a\u00a0 toda la Comunidad Educativa.<\/p>\n<p style=\"text-align: justify;\">Como cada a\u00f1o, iniciamos con ilusi\u00f3n esta nueva etapa y deseamos que todas las metas y objetivos previstos se conviertan en realidad.<\/p>\n<p style=\"text-align: justify;\">Les recordamos que toda la informaci\u00f3n del Centro la encontrar\u00e1n disponible en nuestra p\u00e1gina web:\u00a0<a href=\"http:\/\/www.benarabi.org\">www.benarabi.org<\/a>.<\/p>\n<p style=\"text-align: justify;\">Nos ponemos en contacto con ustedes para facilitarles el horario del primer d\u00eda de clase que dedicaremos a la Jornada de presentaciones de los alumnos.<\/p>\n<p style=\"text-align: justify;\">Las\u00a0<strong>presentaciones<\/strong>\u00a0<strong>de los grupos<\/strong> se realizar\u00e1n durante el\u00a0<strong>jueves 11 de septiembre<\/strong>, <a href=\"https:\/\/www.benarabi.org\/wp-content\/uploads\/2025\/09\/2-Horarios-presentaciones-25-26.pdf\">seg\u00fan el horario que adjuntamos<\/a>.<\/p>\n<p style=\"text-align: justify;\">La duraci\u00f3n de las presentaciones ser\u00e1 de aproximadamente 1 hora, salvo los <strong><u>grupos de 1\u00ba ESO, que ser\u00e1 de 11.00h a 13.30h aproximadamente.<\/u><\/strong><\/p>\n<p style=\"text-align: justify;\">Las clases comenzar\u00e1n el\u00a0<strong>viernes 12 <\/strong>de septiembre a las\u00a0<strong>8:00h<\/strong>, en su horario habitual.<\/p>\n<p style=\"text-align: justify;\">Los\u00a0<strong>listados de alumnos<\/strong>\u00a0de los grupos se podr\u00e1n consultar el\u00a0<strong>mi\u00e9rcoles 10 <\/strong>de septiembre, en el tabl\u00f3n de anuncios del Centro y\/o a trav\u00e9s de Mirador.<\/p>\n<p style=\"text-align: justify;\">El d\u00eda de las presentaciones los alumnos deben traer\u00a0<strong>bol\u00edgrafo, \u00a0papel y agenda<\/strong>\u00a0(de 1\u00ba a 3\u00ba ESO es obligatoria).<\/p>\n<p style=\"text-align: justify;\">Les deseamos lo mejor para este nuevo curso 25-26.<\/p>\n<p style=\"text-align: justify;\">La educaci\u00f3n y la formaci\u00f3n de sus hijos son nuestra prioridad.<\/p>\n<p style=\"text-align: justify;\">El Equipo Directivo.<\/p>\n","protected":false},"excerpt":{"rendered":"<p>Estimadas familias: Desde el IES. Ben Arabi queremos dar la bienvenida al nuevo Curso Escolar a\u00a0 toda la Comunidad Educativa. Como cada a\u00f1o, iniciamos con ilusi\u00f3n esta nueva etapa y deseamos que todas las metas y objetivos previstos se conviertan en realidad. Les recordamos que toda la informaci\u00f3n del Centro la encontrar\u00e1n disponible en nuestra [&hellip;]<\/p>\n","protected":false},"author":1,"featured_media":0,"comment_status":"closed","ping_status":"open","sticky":false,"template":"","format":"standard","meta":{"footnotes":""},"categories":[1],"tags":[],"class_list":["post-13330","post","type-post","status-publish","format-standard","hentry","category-sin-categoria"],"_links":{"self":[{"href":"https:\/\/www.benarabi.org\/index.php?rest_route=\/wp\/v2\/posts\/13330","targetHints":{"allow":["GET"]}}],"collection":[{"href":"https:\/\/www.benarabi.org\/index.php?rest_route=\/wp\/v2\/posts"}],"about":[{"href":"https:\/\/www.benarabi.org\/index.php?rest_route=\/wp\/v2\/types\/post"}],"author":[{"embeddable":true,"href":"https:\/\/www.benarabi.org\/index.php?rest_route=\/wp\/v2\/users\/1"}],"replies":[{"embeddable":true,"href":"https:\/\/www.benarabi.org\/index.php?rest_route=%2Fwp%2Fv2%2Fcomments&post=13330"}],"version-history":[{"count":3,"href":"https:\/\/www.benarabi.org\/index.php?rest_route=\/wp\/v2\/posts\/13330\/revisions"}],"predecessor-version":[{"id":13334,"href":"https:\/\/www.benarabi.org\/index.php?rest_route=\/wp\/v2\/posts\/13330\/revisions\/13334"}],"wp:attachment":[{"href":"https:\/\/www.benarabi.org\/index.php?rest_route=%2Fwp%2Fv2%2Fmedia&parent=13330"}],"wp:term":[{"taxonomy":"category","embeddable":true,"href":"https:\/\/www.benarabi.org\/index.php?rest_route=%2Fwp%2Fv2%2Fcategories&post=13330"},{"taxonomy":"post_tag","embeddable":true,"href":"https:\/\/www.benarabi.org\/index.php?rest_route=%2Fwp%2Fv2%2Ftags&post=13330"}],"curies":[{"name":"wp","href":"https:\/\/api.w.org\/{rel}","templated":true}]}}