{"id":13418,"date":"2025-10-13T09:33:30","date_gmt":"2025-10-13T07:33:30","guid":{"rendered":"https:\/\/www.benarabi.org\/?p=13418"},"modified":"2025-10-13T09:33:30","modified_gmt":"2025-10-13T07:33:30","slug":"coro-de-frances-ies-ben-arabi","status":"publish","type":"post","link":"https:\/\/www.benarabi.org\/?p=13418","title":{"rendered":"CORO DE FRANC\u00c9S IES BEN ARABI"},"content":{"rendered":"<p style=\"font-weight: 400; text-align: justify;\"><a href=\"https:\/\/www.benarabi.org\/wp-content\/uploads\/2025\/10\/1760110883859-scaled.jpg\"><img loading=\"lazy\" decoding=\"async\" class=\"wp-image-13419 alignleft\" src=\"https:\/\/www.benarabi.org\/wp-content\/uploads\/2025\/10\/1760110883859-scaled.jpg\" alt=\"\" width=\"150\" height=\"71\" srcset=\"https:\/\/www.benarabi.org\/wp-content\/uploads\/2025\/10\/1760110883859-scaled.jpg 2560w, https:\/\/www.benarabi.org\/wp-content\/uploads\/2025\/10\/1760110883859-768x363.jpg 768w, https:\/\/www.benarabi.org\/wp-content\/uploads\/2025\/10\/1760110883859-1536x727.jpg 1536w, https:\/\/www.benarabi.org\/wp-content\/uploads\/2025\/10\/1760110883859-2048x969.jpg 2048w\" sizes=\"auto, (max-width: 150px) 100vw, 150px\" \/><\/a>Vuelve el coro de Franc\u00e9s del IES Ben Arab\u00ed un a\u00f1o m\u00e1s. Se trata de una actividad que organiza el Departamento de franc\u00e9s desde hace varios a\u00f1os y que este a\u00f1o ha venido con fuerzas renovadas ya que se han apuntado muchos alumnos.<\/p>\n<p style=\"font-weight: 400; text-align: justify;\">Los alumnos ensayar\u00e1n durante un recreo a la semana villancicos y canciones populares del repertorio franc\u00e9s.<\/p>\n<p style=\"font-weight: 400; text-align: justify;\">A lo largo del a\u00f1o participaremos en todas las actividades que hemos realizado en a\u00f1os pasados como la muestra de Villancicos de Cartagena, las visitas a los centros escolares adscritos, la muestra de coros escolares de Cartagena, la actuaci\u00f3n en la Asociaci\u00f3n de\u00a0vecinos\u00a0de Ciudad Jard\u00edn\u00a0etc., as\u00ed como en las nuevas actividades que puedan surgir durante este curso escolar.<\/p>\n<p style=\"font-weight: 400; text-align: justify;\">Nuestro agradecimiento a\u00a0<strong>Antonio G\u00f3mez<\/strong>, su profesor de canto, que los prepara con tanta paciencia y entrega.<\/p>\n<p style=\"font-weight: 400; text-align: justify;\">Gracias tambi\u00e9n a\u00a0<strong>Francisco Jos\u00e9 Franco<\/strong>, su profesor de m\u00fasica que va a colaborar\u00a0con el Departamento de franc\u00e9s para la organizaci\u00f3n del coro y a todos los alumnos que hacen realidad esta actividad con su implicaci\u00f3n y entusiasmo.<\/p>\n<div id='gallery-1' class='gallery galleryid-13418 gallery-columns-3 gallery-size-thumbnail'><figure class='gallery-item'>\n\t\t\t<div class='gallery-icon landscape'>\n\t\t\t\t<a href='https:\/\/www.benarabi.org\/?attachment_id=13419'><img loading=\"lazy\" decoding=\"async\" width=\"250\" height=\"141\" src=\"https:\/\/www.benarabi.org\/wp-content\/uploads\/2025\/10\/1760110883859-250x141.jpg\" class=\"attachment-thumbnail size-thumbnail\" alt=\"\" srcset=\"https:\/\/www.benarabi.org\/wp-content\/uploads\/2025\/10\/1760110883859-250x141.jpg 250w, https:\/\/www.benarabi.org\/wp-content\/uploads\/2025\/10\/1760110883859-850x478.jpg 850w, https:\/\/www.benarabi.org\/wp-content\/uploads\/2025\/10\/1760110883859-1200x675.jpg 1200w\" sizes=\"auto, (max-width: 250px) 100vw, 250px\" \/><\/a>\n\t\t\t<\/div><\/figure><figure class='gallery-item'>\n\t\t\t<div class='gallery-icon landscape'>\n\t\t\t\t<a href='https:\/\/www.benarabi.org\/?attachment_id=13420'><img loading=\"lazy\" decoding=\"async\" width=\"250\" height=\"141\" src=\"https:\/\/www.benarabi.org\/wp-content\/uploads\/2025\/10\/1760110914424-250x141.jpg\" class=\"attachment-thumbnail size-thumbnail\" alt=\"\" srcset=\"https:\/\/www.benarabi.org\/wp-content\/uploads\/2025\/10\/1760110914424-250x141.jpg 250w, https:\/\/www.benarabi.org\/wp-content\/uploads\/2025\/10\/1760110914424-850x478.jpg 850w, https:\/\/www.benarabi.org\/wp-content\/uploads\/2025\/10\/1760110914424-1200x675.jpg 1200w\" sizes=\"auto, (max-width: 250px) 100vw, 250px\" \/><\/a>\n\t\t\t<\/div><\/figure><figure class='gallery-item'>\n\t\t\t<div class='gallery-icon landscape'>\n\t\t\t\t<a href='https:\/\/www.benarabi.org\/?attachment_id=13421'><img loading=\"lazy\" decoding=\"async\" width=\"250\" height=\"141\" src=\"https:\/\/www.benarabi.org\/wp-content\/uploads\/2025\/10\/1760110914584-250x141.jpg\" class=\"attachment-thumbnail size-thumbnail\" alt=\"\" srcset=\"https:\/\/www.benarabi.org\/wp-content\/uploads\/2025\/10\/1760110914584-250x141.jpg 250w, https:\/\/www.benarabi.org\/wp-content\/uploads\/2025\/10\/1760110914584-850x478.jpg 850w, https:\/\/www.benarabi.org\/wp-content\/uploads\/2025\/10\/1760110914584-1200x675.jpg 1200w\" sizes=\"auto, (max-width: 250px) 100vw, 250px\" \/><\/a>\n\t\t\t<\/div><\/figure>\n\t\t<\/div>\n\n","protected":false},"excerpt":{"rendered":"<p>Vuelve el coro de Franc\u00e9s del IES Ben Arab\u00ed un a\u00f1o m\u00e1s. Se trata de una actividad que organiza el Departamento de franc\u00e9s desde hace varios a\u00f1os y que este a\u00f1o ha venido con fuerzas renovadas ya que se han apuntado muchos alumnos. Los alumnos ensayar\u00e1n durante un recreo a la semana villancicos y canciones [&hellip;]<\/p>\n","protected":false},"author":1,"featured_media":0,"comment_status":"closed","ping_status":"open","sticky":false,"template":"","format":"standard","meta":{"footnotes":""},"categories":[1],"tags":[],"class_list":["post-13418","post","type-post","status-publish","format-standard","hentry","category-sin-categoria"],"_links":{"self":[{"href":"https:\/\/www.benarabi.org\/index.php?rest_route=\/wp\/v2\/posts\/13418","targetHints":{"allow":["GET"]}}],"collection":[{"href":"https:\/\/www.benarabi.org\/index.php?rest_route=\/wp\/v2\/posts"}],"about":[{"href":"https:\/\/www.benarabi.org\/index.php?rest_route=\/wp\/v2\/types\/post"}],"author":[{"embeddable":true,"href":"https:\/\/www.benarabi.org\/index.php?rest_route=\/wp\/v2\/users\/1"}],"replies":[{"embeddable":true,"href":"https:\/\/www.benarabi.org\/index.php?rest_route=%2Fwp%2Fv2%2Fcomments&post=13418"}],"version-history":[{"count":1,"href":"https:\/\/www.benarabi.org\/index.php?rest_route=\/wp\/v2\/posts\/13418\/revisions"}],"predecessor-version":[{"id":13422,"href":"https:\/\/www.benarabi.org\/index.php?rest_route=\/wp\/v2\/posts\/13418\/revisions\/13422"}],"wp:attachment":[{"href":"https:\/\/www.benarabi.org\/index.php?rest_route=%2Fwp%2Fv2%2Fmedia&parent=13418"}],"wp:term":[{"taxonomy":"category","embeddable":true,"href":"https:\/\/www.benarabi.org\/index.php?rest_route=%2Fwp%2Fv2%2Fcategories&post=13418"},{"taxonomy":"post_tag","embeddable":true,"href":"https:\/\/www.benarabi.org\/index.php?rest_route=%2Fwp%2Fv2%2Ftags&post=13418"}],"curies":[{"name":"wp","href":"https:\/\/api.w.org\/{rel}","templated":true}]}}