{"id":13450,"date":"2025-10-27T13:19:12","date_gmt":"2025-10-27T12:19:12","guid":{"rendered":"https:\/\/www.benarabi.org\/?p=13450"},"modified":"2025-10-27T13:43:24","modified_gmt":"2025-10-27T12:43:24","slug":"presupuestos-participativos-2025-26","status":"publish","type":"post","link":"https:\/\/www.benarabi.org\/?p=13450","title":{"rendered":"Presupuestos participativos 2025-26"},"content":{"rendered":"<p dir=\"ltr\" style=\"text-align: justify;\"><a href=\"https:\/\/www.benarabi.org\/wp-content\/uploads\/2025\/10\/PXL_20251023_120301277-scaled.jpg\"><img loading=\"lazy\" decoding=\"async\" class=\"wp-image-13451 alignleft\" src=\"https:\/\/www.benarabi.org\/wp-content\/uploads\/2025\/10\/PXL_20251023_120301277-scaled.jpg\" alt=\"\" width=\"150\" height=\"84\" srcset=\"https:\/\/www.benarabi.org\/wp-content\/uploads\/2025\/10\/PXL_20251023_120301277-scaled.jpg 2560w, https:\/\/www.benarabi.org\/wp-content\/uploads\/2025\/10\/PXL_20251023_120301277-850x478.jpg 850w, https:\/\/www.benarabi.org\/wp-content\/uploads\/2025\/10\/PXL_20251023_120301277-1200x675.jpg 1200w, https:\/\/www.benarabi.org\/wp-content\/uploads\/2025\/10\/PXL_20251023_120301277-250x141.jpg 250w, https:\/\/www.benarabi.org\/wp-content\/uploads\/2025\/10\/PXL_20251023_120301277-768x432.jpg 768w, https:\/\/www.benarabi.org\/wp-content\/uploads\/2025\/10\/PXL_20251023_120301277-1536x864.jpg 1536w, https:\/\/www.benarabi.org\/wp-content\/uploads\/2025\/10\/PXL_20251023_120301277-2048x1152.jpg 2048w\" sizes=\"auto, (max-width: 150px) 100vw, 150px\" \/><\/a>El Ayuntamiento de Cartagena ha vuelto a convocar el proyecto \u201c<a href=\"https:\/\/presupuestosparticipativos.cartagena.es\/\" target=\"_blank\" rel=\"noopener\" data-saferedirecturl=\"https:\/\/www.google.com\/url?q=https:\/\/presupuestosparticipativos.cartagena.es\/&amp;source=gmail&amp;ust=1761653548507000&amp;usg=AOvVaw2UtxU2tD4w4jNGTS566PHW\">Presupuestos Participativos en Centros Educativos<\/a>\u201d, destinando 220.000 euros distribuidos entre los 64 centros participantes. El IES Ben Arab\u00ed va a recibir 3.323,54 euros en este curso 2025-26. A trav\u00e9s de esta experiencia, nuestros alumnos podr\u00e1n debatir y decidir, de forma directa y libre, en qu\u00e9 emplear una parte del presupuesto municipal del Ayuntamiento de Cartagena para mejorar nuestro centro.<\/p>\n<p dir=\"ltr\" style=\"text-align: justify;\">El proyecto cuenta con un grupo motor de alumnos de 4\u00ba ESO (E4E), coordinados por Jos\u00e9 Carlos Garrido Garc\u00eda, profesor del departamento de Econom\u00eda. Este grupo motor ser\u00e1 el encargado de elaborar, gestionar y coordinar las acciones siguiendo unas fases predeterminadas por el propio Ayuntamiento:<\/p>\n<ul style=\"text-align: justify;\">\n<li dir=\"ltr\" role=\"checkbox\" aria-checked=\"false\">Informaci\u00f3n<\/li>\n<li dir=\"ltr\" role=\"checkbox\" aria-checked=\"false\">Divulgaci\u00f3n y debate<\/li>\n<li dir=\"ltr\" role=\"checkbox\" aria-checked=\"false\">Recogida de propuestas<\/li>\n<li dir=\"ltr\" role=\"checkbox\" aria-checked=\"false\">Priorizaci\u00f3n<\/li>\n<li dir=\"ltr\" role=\"checkbox\" aria-checked=\"false\">Votaci\u00f3n<\/li>\n<li dir=\"ltr\" role=\"checkbox\" aria-checked=\"false\">Publicaci\u00f3n de los resultados.<\/li>\n<\/ul>\n<p dir=\"ltr\" style=\"text-align: justify;\">Con la participaci\u00f3n en este proyecto, nuestro centro sigue apostando por una gesti\u00f3n basada, entre otras, en la participaci\u00f3n de toda su comunidad educativa y en la transparencia.<\/p>\n<p dir=\"ltr\" style=\"text-align: justify;\">La formaci\u00f3n de nuestros alumnos en participaci\u00f3n ciudadana,\u00a0 pondr\u00e1 la semilla para que la sociedad futura, sea capaz de participar activamente, de forma natural, en la toma de decisiones.<\/p>\n<p dir=\"ltr\" style=\"text-align: justify;\">\u00a1Comenzamos!<\/p>\n","protected":false},"excerpt":{"rendered":"<p>El Ayuntamiento de Cartagena ha vuelto a convocar el proyecto \u201cPresupuestos Participativos en Centros Educativos\u201d, destinando 220.000 euros distribuidos entre los 64 centros participantes. El IES Ben Arab\u00ed va a recibir 3.323,54 euros en este curso 2025-26. A trav\u00e9s de esta experiencia, nuestros alumnos podr\u00e1n debatir y decidir, de forma directa y libre, en qu\u00e9 [&hellip;]<\/p>\n","protected":false},"author":1,"featured_media":0,"comment_status":"closed","ping_status":"open","sticky":false,"template":"","format":"standard","meta":{"footnotes":""},"categories":[1],"tags":[],"class_list":["post-13450","post","type-post","status-publish","format-standard","hentry","category-sin-categoria"],"_links":{"self":[{"href":"https:\/\/www.benarabi.org\/index.php?rest_route=\/wp\/v2\/posts\/13450","targetHints":{"allow":["GET"]}}],"collection":[{"href":"https:\/\/www.benarabi.org\/index.php?rest_route=\/wp\/v2\/posts"}],"about":[{"href":"https:\/\/www.benarabi.org\/index.php?rest_route=\/wp\/v2\/types\/post"}],"author":[{"embeddable":true,"href":"https:\/\/www.benarabi.org\/index.php?rest_route=\/wp\/v2\/users\/1"}],"replies":[{"embeddable":true,"href":"https:\/\/www.benarabi.org\/index.php?rest_route=%2Fwp%2Fv2%2Fcomments&post=13450"}],"version-history":[{"count":3,"href":"https:\/\/www.benarabi.org\/index.php?rest_route=\/wp\/v2\/posts\/13450\/revisions"}],"predecessor-version":[{"id":13454,"href":"https:\/\/www.benarabi.org\/index.php?rest_route=\/wp\/v2\/posts\/13450\/revisions\/13454"}],"wp:attachment":[{"href":"https:\/\/www.benarabi.org\/index.php?rest_route=%2Fwp%2Fv2%2Fmedia&parent=13450"}],"wp:term":[{"taxonomy":"category","embeddable":true,"href":"https:\/\/www.benarabi.org\/index.php?rest_route=%2Fwp%2Fv2%2Fcategories&post=13450"},{"taxonomy":"post_tag","embeddable":true,"href":"https:\/\/www.benarabi.org\/index.php?rest_route=%2Fwp%2Fv2%2Ftags&post=13450"}],"curies":[{"name":"wp","href":"https:\/\/api.w.org\/{rel}","templated":true}]}}