{"id":13539,"date":"2025-11-19T09:48:03","date_gmt":"2025-11-19T08:48:03","guid":{"rendered":"https:\/\/www.benarabi.org\/?p=13539"},"modified":"2025-11-19T09:48:03","modified_gmt":"2025-11-19T08:48:03","slug":"jornadas-sobre-absentismo-escolar","status":"publish","type":"post","link":"https:\/\/www.benarabi.org\/?p=13539","title":{"rendered":"JORNADAS SOBRE ABSENTISMO ESCOLAR"},"content":{"rendered":"<p style=\"text-align: justify;\">Estas \u00faltimas semana, Carmen\u00a0 Mar\u00edn Gim\u00e9nez, educadora del Programa Municipal de Absentismo Escolar (PMAE) de la Concejal\u00eda de Educaci\u00f3n de Cartagena, est\u00e1 visitando nuestro centro para dar <a href=\"https:\/\/www.benarabi.org\/wp-content\/uploads\/2025\/11\/FOTO-4-2-scaled.jpg\"><img loading=\"lazy\" decoding=\"async\" class=\"wp-image-13546 alignleft\" src=\"https:\/\/www.benarabi.org\/wp-content\/uploads\/2025\/11\/FOTO-4-2-scaled.jpg\" alt=\"\" width=\"150\" height=\"150\" srcset=\"https:\/\/www.benarabi.org\/wp-content\/uploads\/2025\/11\/FOTO-4-2-scaled.jpg 2560w, https:\/\/www.benarabi.org\/wp-content\/uploads\/2025\/11\/FOTO-4-2-768x768.jpg 768w, https:\/\/www.benarabi.org\/wp-content\/uploads\/2025\/11\/FOTO-4-2-1536x1536.jpg 1536w, https:\/\/www.benarabi.org\/wp-content\/uploads\/2025\/11\/FOTO-4-2-2048x2048.jpg 2048w\" sizes=\"auto, (max-width: 150px) 100vw, 150px\" \/><\/a>charlas de prevenci\u00f3n de absentismo escolar en Primero de Eso.<\/p>\n<p style=\"text-align: justify;\">En la mayor\u00eda de ocasiones, est\u00e1 siendo acompa\u00f1ada por un polic\u00eda de la Unidad de protecci\u00f3n a la familia de la Polic\u00eda Local de Cartagena.<\/p>\n<p style=\"text-align: justify;\">Nuestros alumnos y alumnas est\u00e1n conociendo qu\u00e9 es el absentismo y sus peligrosas consecuencias. Est\u00e1n aprendiendo adem\u00e1s que venir a clase es bueno para todos y por eso no hay que venir \u00fanicamente porque haya una ley que nos obligue a hacerlo, ya que viniendo a clase conseguimos una mayor autonom\u00eda, ampliamos nuestra red de amistades y mejoramos las posibilidades de b\u00fasqueda de un buen empleo en un futuro, entre otras muchas cosas.<\/p>\n<p style=\"text-align: justify;\">En estas charlas se explica la obligatoriedad legal de asistir a clase hasta los 16 a\u00f1os y la responsabilidad de familias y centro educativo para que esto se cumpla. Se explican tambi\u00e9n las faltas que pueden y no justificarse, adem\u00e1s de c\u00f3mo hacerlo.<\/p>\n<p style=\"text-align: justify;\">Salen a la palestra otros temas al buscar las posibles causas que pueden llevar a un menor a faltar a clase, como el bullying, los problemas de relaci\u00f3n o problemas familiares.<\/p>\n<p style=\"text-align: justify;\">Los alumnos han estado muy participativos y nosotras muy contentas con el desarrollo de estas tutor\u00edas. Seguiremos supervisando las faltas de asistencia y viendo si estas tutor\u00edas, incluidas \u00a0en nuestro Plan de Absentismo como actividades preventivas del mismo.<\/p>\n<div id='gallery-1' class='gallery galleryid-13539 gallery-columns-7 gallery-size-thumbnail'><figure class='gallery-item'>\n\t\t\t<div class='gallery-icon landscape'>\n\t\t\t\t<a href='https:\/\/www.benarabi.org\/?attachment_id=13540'><img loading=\"lazy\" decoding=\"async\" width=\"250\" height=\"141\" src=\"https:\/\/www.benarabi.org\/wp-content\/uploads\/2025\/11\/FOTO-5-1-250x141.jpg\" class=\"attachment-thumbnail size-thumbnail\" alt=\"\" srcset=\"https:\/\/www.benarabi.org\/wp-content\/uploads\/2025\/11\/FOTO-5-1-250x141.jpg 250w, https:\/\/www.benarabi.org\/wp-content\/uploads\/2025\/11\/FOTO-5-1-850x478.jpg 850w, https:\/\/www.benarabi.org\/wp-content\/uploads\/2025\/11\/FOTO-5-1-1200x675.jpg 1200w\" sizes=\"auto, (max-width: 250px) 100vw, 250px\" \/><\/a>\n\t\t\t<\/div><\/figure><figure class='gallery-item'>\n\t\t\t<div class='gallery-icon landscape'>\n\t\t\t\t<a href='https:\/\/www.benarabi.org\/?attachment_id=13541'><img loading=\"lazy\" decoding=\"async\" width=\"250\" height=\"141\" src=\"https:\/\/www.benarabi.org\/wp-content\/uploads\/2025\/11\/FOTO-6-1-250x141.jpg\" class=\"attachment-thumbnail size-thumbnail\" alt=\"\" srcset=\"https:\/\/www.benarabi.org\/wp-content\/uploads\/2025\/11\/FOTO-6-1-250x141.jpg 250w, https:\/\/www.benarabi.org\/wp-content\/uploads\/2025\/11\/FOTO-6-1-850x478.jpg 850w, https:\/\/www.benarabi.org\/wp-content\/uploads\/2025\/11\/FOTO-6-1-1200x675.jpg 1200w\" sizes=\"auto, (max-width: 250px) 100vw, 250px\" \/><\/a>\n\t\t\t<\/div><\/figure><figure class='gallery-item'>\n\t\t\t<div class='gallery-icon landscape'>\n\t\t\t\t<a href='https:\/\/www.benarabi.org\/?attachment_id=13542'><img loading=\"lazy\" decoding=\"async\" width=\"250\" height=\"141\" src=\"https:\/\/www.benarabi.org\/wp-content\/uploads\/2025\/11\/FOTO-3-2-250x141.jpg\" class=\"attachment-thumbnail size-thumbnail\" alt=\"\" srcset=\"https:\/\/www.benarabi.org\/wp-content\/uploads\/2025\/11\/FOTO-3-2-250x141.jpg 250w, https:\/\/www.benarabi.org\/wp-content\/uploads\/2025\/11\/FOTO-3-2-850x478.jpg 850w, https:\/\/www.benarabi.org\/wp-content\/uploads\/2025\/11\/FOTO-3-2-1200x675.jpg 1200w\" sizes=\"auto, (max-width: 250px) 100vw, 250px\" \/><\/a>\n\t\t\t<\/div><\/figure><figure class='gallery-item'>\n\t\t\t<div class='gallery-icon landscape'>\n\t\t\t\t<a href='https:\/\/www.benarabi.org\/?attachment_id=13543'><img loading=\"lazy\" decoding=\"async\" width=\"250\" height=\"141\" src=\"https:\/\/www.benarabi.org\/wp-content\/uploads\/2025\/11\/FOTO-2-2-250x141.jpg\" class=\"attachment-thumbnail size-thumbnail\" alt=\"\" srcset=\"https:\/\/www.benarabi.org\/wp-content\/uploads\/2025\/11\/FOTO-2-2-250x141.jpg 250w, https:\/\/www.benarabi.org\/wp-content\/uploads\/2025\/11\/FOTO-2-2-850x478.jpg 850w, https:\/\/www.benarabi.org\/wp-content\/uploads\/2025\/11\/FOTO-2-2-1200x675.jpg 1200w\" sizes=\"auto, (max-width: 250px) 100vw, 250px\" \/><\/a>\n\t\t\t<\/div><\/figure><figure class='gallery-item'>\n\t\t\t<div class='gallery-icon landscape'>\n\t\t\t\t<a href='https:\/\/www.benarabi.org\/?attachment_id=13544'><img loading=\"lazy\" decoding=\"async\" width=\"250\" height=\"141\" src=\"https:\/\/www.benarabi.org\/wp-content\/uploads\/2025\/11\/FOTO-1-2-250x141.jpg\" class=\"attachment-thumbnail size-thumbnail\" alt=\"\" srcset=\"https:\/\/www.benarabi.org\/wp-content\/uploads\/2025\/11\/FOTO-1-2-250x141.jpg 250w, https:\/\/www.benarabi.org\/wp-content\/uploads\/2025\/11\/FOTO-1-2-850x478.jpg 850w, https:\/\/www.benarabi.org\/wp-content\/uploads\/2025\/11\/FOTO-1-2-1200x675.jpg 1200w\" sizes=\"auto, (max-width: 250px) 100vw, 250px\" \/><\/a>\n\t\t\t<\/div><\/figure><figure class='gallery-item'>\n\t\t\t<div class='gallery-icon landscape'>\n\t\t\t\t<a href='https:\/\/www.benarabi.org\/?attachment_id=13545'><img loading=\"lazy\" decoding=\"async\" width=\"250\" height=\"141\" src=\"https:\/\/www.benarabi.org\/wp-content\/uploads\/2025\/11\/FOTO-7-1-250x141.jpg\" class=\"attachment-thumbnail size-thumbnail\" alt=\"\" srcset=\"https:\/\/www.benarabi.org\/wp-content\/uploads\/2025\/11\/FOTO-7-1-250x141.jpg 250w, https:\/\/www.benarabi.org\/wp-content\/uploads\/2025\/11\/FOTO-7-1-850x478.jpg 850w, https:\/\/www.benarabi.org\/wp-content\/uploads\/2025\/11\/FOTO-7-1-1200x675.jpg 1200w\" sizes=\"auto, (max-width: 250px) 100vw, 250px\" \/><\/a>\n\t\t\t<\/div><\/figure><figure class='gallery-item'>\n\t\t\t<div class='gallery-icon landscape'>\n\t\t\t\t<a href='https:\/\/www.benarabi.org\/?attachment_id=13546'><img loading=\"lazy\" decoding=\"async\" width=\"250\" height=\"141\" src=\"https:\/\/www.benarabi.org\/wp-content\/uploads\/2025\/11\/FOTO-4-2-250x141.jpg\" class=\"attachment-thumbnail size-thumbnail\" alt=\"\" srcset=\"https:\/\/www.benarabi.org\/wp-content\/uploads\/2025\/11\/FOTO-4-2-250x141.jpg 250w, https:\/\/www.benarabi.org\/wp-content\/uploads\/2025\/11\/FOTO-4-2-850x478.jpg 850w, https:\/\/www.benarabi.org\/wp-content\/uploads\/2025\/11\/FOTO-4-2-1200x675.jpg 1200w\" sizes=\"auto, (max-width: 250px) 100vw, 250px\" \/><\/a>\n\t\t\t<\/div><\/figure>\n\t\t<\/div>\n\n","protected":false},"excerpt":{"rendered":"<p>Estas \u00faltimas semana, Carmen\u00a0 Mar\u00edn Gim\u00e9nez, educadora del Programa Municipal de Absentismo Escolar (PMAE) de la Concejal\u00eda de Educaci\u00f3n de Cartagena, est\u00e1 visitando nuestro centro para dar charlas de prevenci\u00f3n de absentismo escolar en Primero de Eso. En la mayor\u00eda de ocasiones, est\u00e1 siendo acompa\u00f1ada por un polic\u00eda de la Unidad de protecci\u00f3n a la [&hellip;]<\/p>\n","protected":false},"author":1,"featured_media":0,"comment_status":"closed","ping_status":"open","sticky":false,"template":"","format":"standard","meta":{"footnotes":""},"categories":[1],"tags":[],"class_list":["post-13539","post","type-post","status-publish","format-standard","hentry","category-sin-categoria"],"_links":{"self":[{"href":"https:\/\/www.benarabi.org\/index.php?rest_route=\/wp\/v2\/posts\/13539","targetHints":{"allow":["GET"]}}],"collection":[{"href":"https:\/\/www.benarabi.org\/index.php?rest_route=\/wp\/v2\/posts"}],"about":[{"href":"https:\/\/www.benarabi.org\/index.php?rest_route=\/wp\/v2\/types\/post"}],"author":[{"embeddable":true,"href":"https:\/\/www.benarabi.org\/index.php?rest_route=\/wp\/v2\/users\/1"}],"replies":[{"embeddable":true,"href":"https:\/\/www.benarabi.org\/index.php?rest_route=%2Fwp%2Fv2%2Fcomments&post=13539"}],"version-history":[{"count":1,"href":"https:\/\/www.benarabi.org\/index.php?rest_route=\/wp\/v2\/posts\/13539\/revisions"}],"predecessor-version":[{"id":13547,"href":"https:\/\/www.benarabi.org\/index.php?rest_route=\/wp\/v2\/posts\/13539\/revisions\/13547"}],"wp:attachment":[{"href":"https:\/\/www.benarabi.org\/index.php?rest_route=%2Fwp%2Fv2%2Fmedia&parent=13539"}],"wp:term":[{"taxonomy":"category","embeddable":true,"href":"https:\/\/www.benarabi.org\/index.php?rest_route=%2Fwp%2Fv2%2Fcategories&post=13539"},{"taxonomy":"post_tag","embeddable":true,"href":"https:\/\/www.benarabi.org\/index.php?rest_route=%2Fwp%2Fv2%2Ftags&post=13539"}],"curies":[{"name":"wp","href":"https:\/\/api.w.org\/{rel}","templated":true}]}}