{"id":13581,"date":"2025-12-02T11:13:59","date_gmt":"2025-12-02T10:13:59","guid":{"rendered":"https:\/\/www.benarabi.org\/?p=13581"},"modified":"2025-12-02T11:13:59","modified_gmt":"2025-12-02T10:13:59","slug":"noticia-ii-congreso-de-bienestar-emocional-y-promocion-de-la-salud-mental","status":"publish","type":"post","link":"https:\/\/www.benarabi.org\/?p=13581","title":{"rendered":"NOTICIA II CONGRESO DE BIENESTAR EMOCIONAL Y PROMOCI\u00d3N DE LA SALUD MENTAL."},"content":{"rendered":"<p style=\"text-align: justify;\"><a href=\"https:\/\/www.benarabi.org\/wp-content\/uploads\/2025\/12\/Captura-2025-11-30-a-las-19.47.56.jpeg\"><img loading=\"lazy\" decoding=\"async\" class=\"wp-image-13585 alignleft\" src=\"https:\/\/www.benarabi.org\/wp-content\/uploads\/2025\/12\/Captura-2025-11-30-a-las-19.47.56.jpeg\" alt=\"\" width=\"150\" height=\"147\" \/><\/a>En nuestro IES, educar tambi\u00e9n es cuidar, por eso, el Departamento de Orientaci\u00f3n asisti\u00f3 los d\u00edas 25 y 26 de noviembre al \u201cII Congreso de Bienestar Emocional y Promoci\u00f3n de la Salud Mental\u201d, celebrado en el Auditorio y Palacio de Congresos \u201cEl Batel\u201d de Cartagena.<\/p>\n<p style=\"text-align: justify;\">El evento reuni\u00f3 a profesionales de la educaci\u00f3n, psicolog\u00eda y salud con el fin de abordar los desaf\u00edos actuales en materia de bienestar emocional en los centros educativos.<\/p>\n<p style=\"text-align: justify;\">El Congreso cont\u00f3 con especialistas de reconocido prestigio dando comienzo con la presentaci\u00f3n del Plan Regional de Bienestar y Promoci\u00f3n de la Salud Mental que marc\u00f3 la tem\u00e1tica principal del encuentro. A lo largo de las dos jornadas se expusieron los \u00faltimos avances cient\u00edficos y educativos sobre el desarrollo emocional del alumnado, la prevenci\u00f3n de la conducta suicida, la importancia de las relaciones afectivas y el v\u00ednculo en el aprendizaje y los factores que influyen en el bienestar escolar.<\/p>\n<p style=\"text-align: justify;\">La presencia de nuestro IES en estas dos jornadas formativas rearfima nuestro compromiso de educar desde el coraz\u00f3n acompa\u00f1ando a nuestro alumnado en su crecimiento emocional, con la firme creencia de que una buena educaci\u00f3n emocional protege nuestra salud mental.<\/p>\n<p style=\"text-align: justify;\">Gracias a la organizaci\u00f3n del Congreso por regalarnos este espacio lleno de docentes y profesionales comprometidos para aprender, compartir y reflexionar sobre una escuela m\u00e1s humana e inclusiva.<\/p>\n<div id='gallery-1' class='gallery galleryid-13581 gallery-columns-5 gallery-size-thumbnail'><figure class='gallery-item'>\n\t\t\t<div class='gallery-icon landscape'>\n\t\t\t\t<a href='https:\/\/www.benarabi.org\/?attachment_id=13582'><img loading=\"lazy\" decoding=\"async\" width=\"250\" height=\"141\" src=\"https:\/\/www.benarabi.org\/wp-content\/uploads\/2025\/12\/Captura-2025-11-30-a-las-19.46.19-250x141.jpeg\" class=\"attachment-thumbnail size-thumbnail\" alt=\"\" \/><\/a>\n\t\t\t<\/div><\/figure><figure class='gallery-item'>\n\t\t\t<div class='gallery-icon landscape'>\n\t\t\t\t<a href='https:\/\/www.benarabi.org\/?attachment_id=13583'><img loading=\"lazy\" decoding=\"async\" width=\"250\" height=\"141\" src=\"https:\/\/www.benarabi.org\/wp-content\/uploads\/2025\/12\/Captura-2025-11-30-a-las-19.42.29-250x141.jpeg\" class=\"attachment-thumbnail size-thumbnail\" alt=\"\" \/><\/a>\n\t\t\t<\/div><\/figure><figure class='gallery-item'>\n\t\t\t<div class='gallery-icon landscape'>\n\t\t\t\t<a href='https:\/\/www.benarabi.org\/?attachment_id=13584'><img loading=\"lazy\" decoding=\"async\" width=\"250\" height=\"141\" src=\"https:\/\/www.benarabi.org\/wp-content\/uploads\/2025\/12\/Captura-2025-11-30-a-las-19.44.05-250x141.jpeg\" class=\"attachment-thumbnail size-thumbnail\" alt=\"\" \/><\/a>\n\t\t\t<\/div><\/figure><figure class='gallery-item'>\n\t\t\t<div class='gallery-icon landscape'>\n\t\t\t\t<a href='https:\/\/www.benarabi.org\/?attachment_id=13585'><img loading=\"lazy\" decoding=\"async\" width=\"250\" height=\"141\" src=\"https:\/\/www.benarabi.org\/wp-content\/uploads\/2025\/12\/Captura-2025-11-30-a-las-19.47.56-250x141.jpeg\" class=\"attachment-thumbnail size-thumbnail\" alt=\"\" \/><\/a>\n\t\t\t<\/div><\/figure><figure class='gallery-item'>\n\t\t\t<div class='gallery-icon landscape'>\n\t\t\t\t<a href='https:\/\/www.benarabi.org\/?attachment_id=13586'><img loading=\"lazy\" decoding=\"async\" width=\"250\" height=\"141\" src=\"https:\/\/www.benarabi.org\/wp-content\/uploads\/2025\/12\/Captura-2025-11-30-a-las-19.44.47-250x141.jpeg\" class=\"attachment-thumbnail size-thumbnail\" alt=\"\" \/><\/a>\n\t\t\t<\/div><\/figure>\n\t\t<\/div>\n\n","protected":false},"excerpt":{"rendered":"<p>En nuestro IES, educar tambi\u00e9n es cuidar, por eso, el Departamento de Orientaci\u00f3n asisti\u00f3 los d\u00edas 25 y 26 de noviembre al \u201cII Congreso de Bienestar Emocional y Promoci\u00f3n de la Salud Mental\u201d, celebrado en el Auditorio y Palacio de Congresos \u201cEl Batel\u201d de Cartagena. El evento reuni\u00f3 a profesionales de la educaci\u00f3n, psicolog\u00eda y [&hellip;]<\/p>\n","protected":false},"author":1,"featured_media":0,"comment_status":"closed","ping_status":"open","sticky":false,"template":"","format":"standard","meta":{"footnotes":""},"categories":[1],"tags":[],"class_list":["post-13581","post","type-post","status-publish","format-standard","hentry","category-sin-categoria"],"_links":{"self":[{"href":"https:\/\/www.benarabi.org\/index.php?rest_route=\/wp\/v2\/posts\/13581","targetHints":{"allow":["GET"]}}],"collection":[{"href":"https:\/\/www.benarabi.org\/index.php?rest_route=\/wp\/v2\/posts"}],"about":[{"href":"https:\/\/www.benarabi.org\/index.php?rest_route=\/wp\/v2\/types\/post"}],"author":[{"embeddable":true,"href":"https:\/\/www.benarabi.org\/index.php?rest_route=\/wp\/v2\/users\/1"}],"replies":[{"embeddable":true,"href":"https:\/\/www.benarabi.org\/index.php?rest_route=%2Fwp%2Fv2%2Fcomments&post=13581"}],"version-history":[{"count":1,"href":"https:\/\/www.benarabi.org\/index.php?rest_route=\/wp\/v2\/posts\/13581\/revisions"}],"predecessor-version":[{"id":13587,"href":"https:\/\/www.benarabi.org\/index.php?rest_route=\/wp\/v2\/posts\/13581\/revisions\/13587"}],"wp:attachment":[{"href":"https:\/\/www.benarabi.org\/index.php?rest_route=%2Fwp%2Fv2%2Fmedia&parent=13581"}],"wp:term":[{"taxonomy":"category","embeddable":true,"href":"https:\/\/www.benarabi.org\/index.php?rest_route=%2Fwp%2Fv2%2Fcategories&post=13581"},{"taxonomy":"post_tag","embeddable":true,"href":"https:\/\/www.benarabi.org\/index.php?rest_route=%2Fwp%2Fv2%2Ftags&post=13581"}],"curies":[{"name":"wp","href":"https:\/\/api.w.org\/{rel}","templated":true}]}}