{"id":13634,"date":"2025-12-11T13:52:45","date_gmt":"2025-12-11T12:52:45","guid":{"rendered":"https:\/\/www.benarabi.org\/?p=13634"},"modified":"2025-12-11T13:53:04","modified_gmt":"2025-12-11T12:53:04","slug":"ii-semana-de-la-discapacidad-en-el-ies-ben-arabi-2","status":"publish","type":"post","link":"https:\/\/www.benarabi.org\/?p=13634","title":{"rendered":"II SEMANA DE LA DISCAPACIDAD EN EL IES BEN ARAB\u00cd"},"content":{"rendered":"<p><a href=\"https:\/\/www.benarabi.org\/wp-content\/uploads\/2025\/12\/PHOTO-2025-12-10-21-32-24-3.jpg\"><img loading=\"lazy\" decoding=\"async\" class=\"wp-image-13635 alignleft\" src=\"https:\/\/www.benarabi.org\/wp-content\/uploads\/2025\/12\/PHOTO-2025-12-10-21-32-24-3.jpg\" alt=\"\" width=\"150\" height=\"150\" srcset=\"https:\/\/www.benarabi.org\/wp-content\/uploads\/2025\/12\/PHOTO-2025-12-10-21-32-24-3.jpg 1536w, https:\/\/www.benarabi.org\/wp-content\/uploads\/2025\/12\/PHOTO-2025-12-10-21-32-24-3-768x768.jpg 768w\" sizes=\"auto, (max-width: 150px) 100vw, 150px\" \/><\/a>Dentro de las actividades programadas para la <em>II Semana de la Discapacidad, <\/em>hemos tenido el honor de recibir la visita de una profesional del Banco de Recursos del CEE Primitiva L\u00f3pez, quien imparti\u00f3 una enriquecedora sesi\u00f3n formativa dirigida al profesorado del Departamento de Orientaci\u00f3n.<\/p>\n<p>Durante la jornada, pudimos profundizar en aspectos fundamentales relacionados con la inclusi\u00f3n educativa, conocer herramientas y recursos pr\u00e1cticos, as\u00ed como resolver dudas que contribuyen a seguir avanzando hacia un centro cada vez m\u00e1s inclusivo, accesible y consciente de la diversidad de su alumnado.<\/p>\n<p>Agradecemos enormemente su implicaci\u00f3n, dedicaci\u00f3n y disposici\u00f3n para compartir conocimientos que nos ayudan a mejorar d\u00eda a d\u00eda.<\/p>\n<p>\u00a1Gracias por sumar y seguir construyendo juntos un IES Ben Arab\u00ed m\u00e1s inclusivo!<\/p>\n","protected":false},"excerpt":{"rendered":"<p>Dentro de las actividades programadas para la II Semana de la Discapacidad, hemos tenido el honor de recibir la visita de una profesional del Banco de Recursos del CEE Primitiva L\u00f3pez, quien imparti\u00f3 una enriquecedora sesi\u00f3n formativa dirigida al profesorado del Departamento de Orientaci\u00f3n. Durante la jornada, pudimos profundizar en aspectos fundamentales relacionados con la [&hellip;]<\/p>\n","protected":false},"author":1,"featured_media":0,"comment_status":"closed","ping_status":"open","sticky":false,"template":"","format":"standard","meta":{"footnotes":""},"categories":[1],"tags":[],"class_list":["post-13634","post","type-post","status-publish","format-standard","hentry","category-sin-categoria"],"_links":{"self":[{"href":"https:\/\/www.benarabi.org\/index.php?rest_route=\/wp\/v2\/posts\/13634","targetHints":{"allow":["GET"]}}],"collection":[{"href":"https:\/\/www.benarabi.org\/index.php?rest_route=\/wp\/v2\/posts"}],"about":[{"href":"https:\/\/www.benarabi.org\/index.php?rest_route=\/wp\/v2\/types\/post"}],"author":[{"embeddable":true,"href":"https:\/\/www.benarabi.org\/index.php?rest_route=\/wp\/v2\/users\/1"}],"replies":[{"embeddable":true,"href":"https:\/\/www.benarabi.org\/index.php?rest_route=%2Fwp%2Fv2%2Fcomments&post=13634"}],"version-history":[{"count":2,"href":"https:\/\/www.benarabi.org\/index.php?rest_route=\/wp\/v2\/posts\/13634\/revisions"}],"predecessor-version":[{"id":13637,"href":"https:\/\/www.benarabi.org\/index.php?rest_route=\/wp\/v2\/posts\/13634\/revisions\/13637"}],"wp:attachment":[{"href":"https:\/\/www.benarabi.org\/index.php?rest_route=%2Fwp%2Fv2%2Fmedia&parent=13634"}],"wp:term":[{"taxonomy":"category","embeddable":true,"href":"https:\/\/www.benarabi.org\/index.php?rest_route=%2Fwp%2Fv2%2Fcategories&post=13634"},{"taxonomy":"post_tag","embeddable":true,"href":"https:\/\/www.benarabi.org\/index.php?rest_route=%2Fwp%2Fv2%2Ftags&post=13634"}],"curies":[{"name":"wp","href":"https:\/\/api.w.org\/{rel}","templated":true}]}}