{"id":13703,"date":"2026-01-21T12:18:28","date_gmt":"2026-01-21T11:18:28","guid":{"rendered":"https:\/\/www.benarabi.org\/?p=13703"},"modified":"2026-01-21T12:18:28","modified_gmt":"2026-01-21T11:18:28","slug":"la-decima-edicion-de-la-nuit-des-lectures-la-noche-de-las-lecturas","status":"publish","type":"post","link":"https:\/\/www.benarabi.org\/?p=13703","title":{"rendered":"La d\u00e9cima edici\u00f3n de \u00abLa Nuit des Lectures\u00bb (La Noche de las Lecturas)"},"content":{"rendered":"<div>\n<div style=\"text-align: justify;\"><a href=\"https:\/\/www.benarabi.org\/wp-content\/uploads\/2026\/01\/1768989325506.jpg\"><img loading=\"lazy\" decoding=\"async\" class=\"wp-image-13704 alignleft\" src=\"https:\/\/www.benarabi.org\/wp-content\/uploads\/2026\/01\/1768989325506.jpg\" alt=\"\" width=\"150\" height=\"84\" srcset=\"https:\/\/www.benarabi.org\/wp-content\/uploads\/2026\/01\/1768989325506.jpg 1600w, https:\/\/www.benarabi.org\/wp-content\/uploads\/2026\/01\/1768989325506-850x478.jpg 850w, https:\/\/www.benarabi.org\/wp-content\/uploads\/2026\/01\/1768989325506-1200x675.jpg 1200w, https:\/\/www.benarabi.org\/wp-content\/uploads\/2026\/01\/1768989325506-250x141.jpg 250w, https:\/\/www.benarabi.org\/wp-content\/uploads\/2026\/01\/1768989325506-768x429.jpg 768w, https:\/\/www.benarabi.org\/wp-content\/uploads\/2026\/01\/1768989325506-1536x857.jpg 1536w\" sizes=\"auto, (max-width: 150px) 100vw, 150px\" \/><\/a>La d\u00e9cima edici\u00f3n de \u00abLa Nuit des Lectures\u00bb (La Noche de las Lecturas), organizada por el Ministerio de Cultura franc\u00e9s, se celebrar\u00e1 del 21 al 25 de enero de 2026.<\/div>\n<div style=\"text-align: justify;\"><\/div>\n<div style=\"text-align: justify;\">El IES Ben Arabi participa en este evento junto a la Alianza\u00a0 Francesa de Cartagena, como en a\u00f1os anteriores, con la presentaci\u00f3n del proyecto de la obra de teatro \u00abRisas y enredos\u00bb, a cargo de los alumnos del Aula La Barraca del instituto Ben Arab\u00ed, bajo la direcci\u00f3n\u00a0 de la profesora de literatura del centro\u00a0 Bel\u00e9n Pi\u00f1ana.<\/div>\n<div style=\"text-align: justify;\"><\/div>\n<div style=\"text-align: justify;\">El tema sobre el que gira la edici\u00f3n de este a\u00f1o es \u00abCiudades y campos\u00bb, y los alumnos de franc\u00e9s del centro Ben Arab\u00ed han preparado adem\u00e1s unos PowerPoints y unas canciones en torno a este tema que ser\u00e1n proyectados durante el acto.<\/div>\n<div style=\"text-align: justify;\"><\/div>\n<div>Se trata de una actividad gratuita, que tendr\u00e1 lugar el jueves 22 de enero a las 17 horas en el centro Ram\u00f3n Alonso Luzzy\u00a0 y a la que est\u00e1n invitados todos aquellos que deseen asistir.<\/p>\n<div style=\"text-align: justify;\"><\/div>\n<div>\n<div style=\"text-align: justify;\">Os esperamos.<\/div>\n<\/div>\n<\/div>\n<\/div>\n","protected":false},"excerpt":{"rendered":"<p>La d\u00e9cima edici\u00f3n de \u00abLa Nuit des Lectures\u00bb (La Noche de las Lecturas), organizada por el Ministerio de Cultura franc\u00e9s, se celebrar\u00e1 del 21 al 25 de enero de 2026. El IES Ben Arabi participa en este evento junto a la Alianza\u00a0 Francesa de Cartagena, como en a\u00f1os anteriores, con la presentaci\u00f3n del proyecto de [&hellip;]<\/p>\n","protected":false},"author":1,"featured_media":0,"comment_status":"closed","ping_status":"open","sticky":false,"template":"","format":"standard","meta":{"footnotes":""},"categories":[1],"tags":[],"class_list":["post-13703","post","type-post","status-publish","format-standard","hentry","category-sin-categoria"],"_links":{"self":[{"href":"https:\/\/www.benarabi.org\/index.php?rest_route=\/wp\/v2\/posts\/13703","targetHints":{"allow":["GET"]}}],"collection":[{"href":"https:\/\/www.benarabi.org\/index.php?rest_route=\/wp\/v2\/posts"}],"about":[{"href":"https:\/\/www.benarabi.org\/index.php?rest_route=\/wp\/v2\/types\/post"}],"author":[{"embeddable":true,"href":"https:\/\/www.benarabi.org\/index.php?rest_route=\/wp\/v2\/users\/1"}],"replies":[{"embeddable":true,"href":"https:\/\/www.benarabi.org\/index.php?rest_route=%2Fwp%2Fv2%2Fcomments&post=13703"}],"version-history":[{"count":1,"href":"https:\/\/www.benarabi.org\/index.php?rest_route=\/wp\/v2\/posts\/13703\/revisions"}],"predecessor-version":[{"id":13705,"href":"https:\/\/www.benarabi.org\/index.php?rest_route=\/wp\/v2\/posts\/13703\/revisions\/13705"}],"wp:attachment":[{"href":"https:\/\/www.benarabi.org\/index.php?rest_route=%2Fwp%2Fv2%2Fmedia&parent=13703"}],"wp:term":[{"taxonomy":"category","embeddable":true,"href":"https:\/\/www.benarabi.org\/index.php?rest_route=%2Fwp%2Fv2%2Fcategories&post=13703"},{"taxonomy":"post_tag","embeddable":true,"href":"https:\/\/www.benarabi.org\/index.php?rest_route=%2Fwp%2Fv2%2Ftags&post=13703"}],"curies":[{"name":"wp","href":"https:\/\/api.w.org\/{rel}","templated":true}]}}