{"id":13958,"date":"2026-03-06T09:27:43","date_gmt":"2026-03-06T08:27:43","guid":{"rendered":"https:\/\/www.benarabi.org\/?p=13958"},"modified":"2026-03-06T09:27:43","modified_gmt":"2026-03-06T08:27:43","slug":"charla-umu","status":"publish","type":"post","link":"https:\/\/www.benarabi.org\/?p=13958","title":{"rendered":"Charla UMU"},"content":{"rendered":"<p style=\"text-align: justify;\"><a href=\"https:\/\/www.benarabi.org\/wp-content\/uploads\/2026\/03\/IMG_5374-1-scaled.jpeg\"><img loading=\"lazy\" decoding=\"async\" class=\"wp-image-13959 alignleft\" src=\"https:\/\/www.benarabi.org\/wp-content\/uploads\/2026\/03\/IMG_5374-1-scaled.jpeg\" alt=\"\" width=\"150\" height=\"113\" srcset=\"https:\/\/www.benarabi.org\/wp-content\/uploads\/2026\/03\/IMG_5374-1-scaled.jpeg 2560w, https:\/\/www.benarabi.org\/wp-content\/uploads\/2026\/03\/IMG_5374-1-768x576.jpeg 768w, https:\/\/www.benarabi.org\/wp-content\/uploads\/2026\/03\/IMG_5374-1-1536x1152.jpeg 1536w, https:\/\/www.benarabi.org\/wp-content\/uploads\/2026\/03\/IMG_5374-1-2048x1536.jpeg 2048w\" sizes=\"auto, (max-width: 150px) 100vw, 150px\" \/><\/a>El pasado viernes 27 de febrero, dentro del Plan de Orientaci\u00f3n Acad\u00e9mica y Profesional del IES, el alumnado de 2\u00ba de Bachillerato recibi\u00f3 una charla informativa por parte de la Universidad de Murcia.<\/p>\n<p style=\"text-align: justify;\">Durante la sesi\u00f3n, se present\u00f3 la amplia oferta acad\u00e9mica de la Universidad de Murcia, as\u00ed como sus servicios universitarios y las diferentes oportunidades formativas y profesionales que ofrecen a los futuros estudiantes. Esta iniciativa tiene como objetivo acompa\u00f1ar y orientar a nuestro alumnado en un momento clave de su trayectoria educativa, facilitando una toma de decisiones consciente y responsable sobre su futuro acad\u00e9mico.<\/p>\n<p style=\"text-align: justify;\">Desde el centro agradecemos a la Universidad de Murcia su colaboraci\u00f3n y compromiso con la orientaci\u00f3n de nuestros estudiantes.<\/p>\n","protected":false},"excerpt":{"rendered":"<p>El pasado viernes 27 de febrero, dentro del Plan de Orientaci\u00f3n Acad\u00e9mica y Profesional del IES, el alumnado de 2\u00ba de Bachillerato recibi\u00f3 una charla informativa por parte de la Universidad de Murcia. Durante la sesi\u00f3n, se present\u00f3 la amplia oferta acad\u00e9mica de la Universidad de Murcia, as\u00ed como sus servicios universitarios y las diferentes [&hellip;]<\/p>\n","protected":false},"author":1,"featured_media":0,"comment_status":"closed","ping_status":"open","sticky":false,"template":"","format":"standard","meta":{"footnotes":""},"categories":[1],"tags":[],"class_list":["post-13958","post","type-post","status-publish","format-standard","hentry","category-sin-categoria"],"_links":{"self":[{"href":"https:\/\/www.benarabi.org\/index.php?rest_route=\/wp\/v2\/posts\/13958","targetHints":{"allow":["GET"]}}],"collection":[{"href":"https:\/\/www.benarabi.org\/index.php?rest_route=\/wp\/v2\/posts"}],"about":[{"href":"https:\/\/www.benarabi.org\/index.php?rest_route=\/wp\/v2\/types\/post"}],"author":[{"embeddable":true,"href":"https:\/\/www.benarabi.org\/index.php?rest_route=\/wp\/v2\/users\/1"}],"replies":[{"embeddable":true,"href":"https:\/\/www.benarabi.org\/index.php?rest_route=%2Fwp%2Fv2%2Fcomments&post=13958"}],"version-history":[{"count":1,"href":"https:\/\/www.benarabi.org\/index.php?rest_route=\/wp\/v2\/posts\/13958\/revisions"}],"predecessor-version":[{"id":13960,"href":"https:\/\/www.benarabi.org\/index.php?rest_route=\/wp\/v2\/posts\/13958\/revisions\/13960"}],"wp:attachment":[{"href":"https:\/\/www.benarabi.org\/index.php?rest_route=%2Fwp%2Fv2%2Fmedia&parent=13958"}],"wp:term":[{"taxonomy":"category","embeddable":true,"href":"https:\/\/www.benarabi.org\/index.php?rest_route=%2Fwp%2Fv2%2Fcategories&post=13958"},{"taxonomy":"post_tag","embeddable":true,"href":"https:\/\/www.benarabi.org\/index.php?rest_route=%2Fwp%2Fv2%2Ftags&post=13958"}],"curies":[{"name":"wp","href":"https:\/\/api.w.org\/{rel}","templated":true}]}}