{"id":1396,"date":"2012-06-13T23:33:04","date_gmt":"2012-06-13T21:33:04","guid":{"rendered":"http:\/\/www.benarabi.org\/?p=1396"},"modified":"2012-06-13T23:36:18","modified_gmt":"2012-06-13T21:36:18","slug":"acto-de-graduacion-de-los-alumnos-de-2o-bachillerato","status":"publish","type":"post","link":"https:\/\/www.benarabi.org\/?p=1396","title":{"rendered":"Acto de graduaci\u00f3n de los alumnos de 2\u00ba Bachillerato"},"content":{"rendered":"<p align=\"justify\">El pasado viernes 1 de junio, se celebr\u00f3 el Acto de Graduaci\u00f3n y despedida a nuestros alumnos de 2\u00ba de Bachillerato. Todos los miembros de la Comunidad Educativa pudieron disfrutar de una ceremonia muy emotiva, d\u00f3nde profesores, alumnos,\u2026  quisieron expresar su felicidad y  satisfacci\u00f3n de haber estudiado en nuestro Instituto.<\/p>\n<p align=\"justify\">\n<p><a href=\"http:\/\/www.benarabi.org\/wp-content\/uploads\/2012\/06\/IMG_3375.jpg\"><img loading=\"lazy\" decoding=\"async\" src=\"http:\/\/www.benarabi.org\/wp-content\/uploads\/2012\/06\/IMG_3375-150x150.jpg\" alt=\"\" title=\"IMG_3375\" width=\"150\" height=\"150\" class=\"alignnone size-thumbnail wp-image-1397\" \/><\/a><br \/>\n<!--more--><\/p>\n<p align=\"justify\">El acto tuvo lugar en el vest\u00edbulo del Instituto, repleto de familiares y amigos que quisieron acompa\u00f1ar a nuestros bachilleratos, en este d\u00eda tan especial para ellos.<br \/>\nEl director del Centro abri\u00f3 el acto dando la bienvenida a todos los asistentes, recordando el paso de estos alumnos por el instituto y dese\u00e1ndoles lo mejor en el futuro.<br \/>\nLos tutores de cada grupo fueron los encargados de hacer la entrega de diplomas y de una foto de cada grupo. Adem\u00e1s, algunos profesores recordaron an\u00e9cdotas que les hab\u00edan ocurrido a estos alumnos durante sus primeros a\u00f1os en el Instituto.<br \/>\nLos alumnos de 1\u00ba Bachillerato de Artes Esc\u00e9nicas tambi\u00e9n quisieron participar con la representaci\u00f3n de la obra \u201cPic-Nic\u201d de Fernando Arrabal, dirigida por la profesora Beatriz Villarino, haci\u00e9ndonos pasar un rato muy divertido.<br \/>\nUn grupo de alumnos de 3\u00ba eso y 1\u00ba bachillerato ofrecieron un breve concierto de m\u00fasica cl\u00e1sica, con un d\u00fao de saxofones y la pieza \u201cCanon de Pachelbel\u201d.<br \/>\nNo pod\u00edan faltar unas palabras de agradecimiento y satisfacci\u00f3n por el gran trabajo desarrollado a lo largo del curso, a todos los profesores de estos grupos.<br \/>\nTras el acto acad\u00e9mico tuvo lugar la cena de despedida en el restaurante del Club de Cabos.<br \/>\n\u00a1\u00a1\u00a1Enhorabuena a todos!!!<\/p>\n<p align=\"justify\">\n<div id='gallery-1' class='gallery galleryid-1396 gallery-columns-3 gallery-size-thumbnail'><figure class='gallery-item'>\n\t\t\t<div class='gallery-icon landscape'>\n\t\t\t\t<a href='https:\/\/www.benarabi.org\/?attachment_id=1397'><img loading=\"lazy\" decoding=\"async\" width=\"141\" height=\"141\" src=\"https:\/\/www.benarabi.org\/wp-content\/uploads\/2012\/06\/IMG_3375-150x150.jpg\" class=\"attachment-thumbnail size-thumbnail\" alt=\"\" \/><\/a>\n\t\t\t<\/div><\/figure><figure class='gallery-item'>\n\t\t\t<div class='gallery-icon landscape'>\n\t\t\t\t<a href='https:\/\/www.benarabi.org\/?attachment_id=1398'><img loading=\"lazy\" decoding=\"async\" width=\"141\" height=\"141\" src=\"https:\/\/www.benarabi.org\/wp-content\/uploads\/2012\/06\/IMG_3371-150x150.jpg\" class=\"attachment-thumbnail size-thumbnail\" alt=\"\" \/><\/a>\n\t\t\t<\/div><\/figure><figure class='gallery-item'>\n\t\t\t<div class='gallery-icon landscape'>\n\t\t\t\t<a href='https:\/\/www.benarabi.org\/?attachment_id=1399'><img loading=\"lazy\" decoding=\"async\" width=\"141\" height=\"141\" src=\"https:\/\/www.benarabi.org\/wp-content\/uploads\/2012\/06\/IMG_3392-150x150.jpg\" class=\"attachment-thumbnail size-thumbnail\" alt=\"\" \/><\/a>\n\t\t\t<\/div><\/figure><figure class='gallery-item'>\n\t\t\t<div class='gallery-icon landscape'>\n\t\t\t\t<a href='https:\/\/www.benarabi.org\/?attachment_id=1400'><img loading=\"lazy\" decoding=\"async\" width=\"141\" height=\"141\" src=\"https:\/\/www.benarabi.org\/wp-content\/uploads\/2012\/06\/IMG_3390-150x150.jpg\" class=\"attachment-thumbnail size-thumbnail\" alt=\"\" \/><\/a>\n\t\t\t<\/div><\/figure><figure class='gallery-item'>\n\t\t\t<div class='gallery-icon portrait'>\n\t\t\t\t<a href='https:\/\/www.benarabi.org\/?attachment_id=1401'><img loading=\"lazy\" decoding=\"async\" width=\"141\" height=\"141\" src=\"https:\/\/www.benarabi.org\/wp-content\/uploads\/2012\/06\/IMG_3387-150x150.jpg\" class=\"attachment-thumbnail size-thumbnail\" alt=\"\" \/><\/a>\n\t\t\t<\/div><\/figure><figure class='gallery-item'>\n\t\t\t<div class='gallery-icon portrait'>\n\t\t\t\t<a href='https:\/\/www.benarabi.org\/?attachment_id=1402'><img loading=\"lazy\" decoding=\"async\" width=\"141\" height=\"141\" src=\"https:\/\/www.benarabi.org\/wp-content\/uploads\/2012\/06\/IMG_3379-150x150.jpg\" class=\"attachment-thumbnail size-thumbnail\" alt=\"\" \/><\/a>\n\t\t\t<\/div><\/figure><figure class='gallery-item'>\n\t\t\t<div class='gallery-icon portrait'>\n\t\t\t\t<a href='https:\/\/www.benarabi.org\/?attachment_id=1403'><img loading=\"lazy\" decoding=\"async\" width=\"141\" height=\"141\" src=\"https:\/\/www.benarabi.org\/wp-content\/uploads\/2012\/06\/IMG_3376-150x150.jpg\" class=\"attachment-thumbnail size-thumbnail\" alt=\"\" \/><\/a>\n\t\t\t<\/div><\/figure>\n\t\t<\/div>\n\n","protected":false},"excerpt":{"rendered":"<p>El pasado viernes 1 de junio, se celebr\u00f3 el Acto de Graduaci\u00f3n y despedida a nuestros alumnos de 2\u00ba de Bachillerato. Todos los miembros de la Comunidad Educativa pudieron disfrutar de una ceremonia muy emotiva, d\u00f3nde profesores, alumnos,\u2026 quisieron expresar su felicidad y satisfacci\u00f3n de haber estudiado en nuestro Instituto.<\/p>\n","protected":false},"author":1,"featured_media":0,"comment_status":"closed","ping_status":"open","sticky":false,"template":"","format":"standard","meta":{"footnotes":""},"categories":[1],"tags":[],"class_list":["post-1396","post","type-post","status-publish","format-standard","hentry","category-sin-categoria"],"_links":{"self":[{"href":"https:\/\/www.benarabi.org\/index.php?rest_route=\/wp\/v2\/posts\/1396","targetHints":{"allow":["GET"]}}],"collection":[{"href":"https:\/\/www.benarabi.org\/index.php?rest_route=\/wp\/v2\/posts"}],"about":[{"href":"https:\/\/www.benarabi.org\/index.php?rest_route=\/wp\/v2\/types\/post"}],"author":[{"embeddable":true,"href":"https:\/\/www.benarabi.org\/index.php?rest_route=\/wp\/v2\/users\/1"}],"replies":[{"embeddable":true,"href":"https:\/\/www.benarabi.org\/index.php?rest_route=%2Fwp%2Fv2%2Fcomments&post=1396"}],"version-history":[{"count":2,"href":"https:\/\/www.benarabi.org\/index.php?rest_route=\/wp\/v2\/posts\/1396\/revisions"}],"predecessor-version":[{"id":1406,"href":"https:\/\/www.benarabi.org\/index.php?rest_route=\/wp\/v2\/posts\/1396\/revisions\/1406"}],"wp:attachment":[{"href":"https:\/\/www.benarabi.org\/index.php?rest_route=%2Fwp%2Fv2%2Fmedia&parent=1396"}],"wp:term":[{"taxonomy":"category","embeddable":true,"href":"https:\/\/www.benarabi.org\/index.php?rest_route=%2Fwp%2Fv2%2Fcategories&post=1396"},{"taxonomy":"post_tag","embeddable":true,"href":"https:\/\/www.benarabi.org\/index.php?rest_route=%2Fwp%2Fv2%2Ftags&post=1396"}],"curies":[{"name":"wp","href":"https:\/\/api.w.org\/{rel}","templated":true}]}}