{"id":1541,"date":"2012-09-18T22:33:06","date_gmt":"2012-09-18T20:33:06","guid":{"rendered":"http:\/\/www.benarabi.org\/?p=1541"},"modified":"2012-10-18T12:56:55","modified_gmt":"2012-10-18T10:56:55","slug":"el-ies-ben-arabi-comienza-el-curso-escolar-2012-2013","status":"publish","type":"post","link":"https:\/\/www.benarabi.org\/?p=1541","title":{"rendered":"El IES Ben Arab\u00ed comienza el curso escolar 2012-2013"},"content":{"rendered":"<p style=\"text-align: justify;\"><img loading=\"lazy\" decoding=\"async\" class=\"alignnone size-thumbnail wp-image-1544 alignleft\" title=\"IMG_3798\" src=\"http:\/\/www.benarabi.org\/wp-content\/uploads\/2012\/09\/IMG_3798-150x150.jpg\" alt=\"\" width=\"150\" height=\"150\" \/>Durante los d\u00edas 17 y 18 de septiembre ha tenido lugar la apertura del nuevo curso escolar 2012-2013, realizando las presentaciones de los grupos de alumnos de los diferentes niveles que se imparten en el Centro. El mi\u00e9rcoles 19 de septiembre comienzan las actividades lectivas en horario normal.<\/p>\n<p style=\"text-align: justify;\"><!--more--><\/p>\n<p style=\"text-align: justify;\">El equipo directivo junto con los tutores de los grupos han dado la bienvenida a los alumnos en el comienzo del nuevo curso, adem\u00e1s de explicarles y recordarles los aspectos m\u00e1s relevantes para el buen funcionamiento del instituto como recursos de los que se dispone, normas de funcionamiento, actividades de los distintos departamentos did\u00e1cticos que se realizan a lo largo del curso, estudios impartidos, programas que se llevan a cabo, horario del grupo,\u2026<\/p>\n<p style=\"text-align: justify;\">Tambi\u00e9n ha estado presente el alumno Alejandro Jim\u00e9nez, presidente de la asociaci\u00f3n de alumnos, recientemente creada en el IES, animando a los alumnos a su participaci\u00f3n en dicha asociaci\u00f3n.<\/p>\n<p style=\"text-align: justify;\">Adem\u00e1s, el Departamento de Orientaci\u00f3n junto con el equipo directivo ha realizado una Jornada de Acogida con los padres y alumnos con necesidades educativas especiales.<\/p>\n\n","protected":false},"excerpt":{"rendered":"<p>Durante los d\u00edas 17 y 18 de septiembre ha tenido lugar la apertura del nuevo curso escolar 2012-2013, realizando las presentaciones de los grupos de alumnos de los diferentes niveles que se imparten en el Centro. El mi\u00e9rcoles 19 de septiembre comienzan las actividades lectivas en horario normal.<\/p>\n","protected":false},"author":1,"featured_media":0,"comment_status":"closed","ping_status":"open","sticky":false,"template":"","format":"standard","meta":{"footnotes":""},"categories":[1],"tags":[],"class_list":["post-1541","post","type-post","status-publish","format-standard","hentry","category-sin-categoria"],"_links":{"self":[{"href":"https:\/\/www.benarabi.org\/index.php?rest_route=\/wp\/v2\/posts\/1541","targetHints":{"allow":["GET"]}}],"collection":[{"href":"https:\/\/www.benarabi.org\/index.php?rest_route=\/wp\/v2\/posts"}],"about":[{"href":"https:\/\/www.benarabi.org\/index.php?rest_route=\/wp\/v2\/types\/post"}],"author":[{"embeddable":true,"href":"https:\/\/www.benarabi.org\/index.php?rest_route=\/wp\/v2\/users\/1"}],"replies":[{"embeddable":true,"href":"https:\/\/www.benarabi.org\/index.php?rest_route=%2Fwp%2Fv2%2Fcomments&post=1541"}],"version-history":[{"count":5,"href":"https:\/\/www.benarabi.org\/index.php?rest_route=\/wp\/v2\/posts\/1541\/revisions"}],"predecessor-version":[{"id":1606,"href":"https:\/\/www.benarabi.org\/index.php?rest_route=\/wp\/v2\/posts\/1541\/revisions\/1606"}],"wp:attachment":[{"href":"https:\/\/www.benarabi.org\/index.php?rest_route=%2Fwp%2Fv2%2Fmedia&parent=1541"}],"wp:term":[{"taxonomy":"category","embeddable":true,"href":"https:\/\/www.benarabi.org\/index.php?rest_route=%2Fwp%2Fv2%2Fcategories&post=1541"},{"taxonomy":"post_tag","embeddable":true,"href":"https:\/\/www.benarabi.org\/index.php?rest_route=%2Fwp%2Fv2%2Ftags&post=1541"}],"curies":[{"name":"wp","href":"https:\/\/api.w.org\/{rel}","templated":true}]}}