{"id":1864,"date":"2012-12-30T22:08:55","date_gmt":"2012-12-30T21:08:55","guid":{"rendered":"http:\/\/www.benarabi.org\/?p=1864"},"modified":"2012-12-30T22:12:15","modified_gmt":"2012-12-30T21:12:15","slug":"entrega-del-diplome-general-de-baccalaureat-a-nuestros-alumnos-de-bachibac","status":"publish","type":"post","link":"https:\/\/www.benarabi.org\/?p=1864","title":{"rendered":"Entrega del Dipl\u00f4me G\u00e9n\u00e9ral de Baccalaur\u00e9at a nuestros alumnos de Bachibac"},"content":{"rendered":"<p><a href=\"http:\/\/www.benarabi.org\/?attachment_id=1865\" rel=\"attachment wp-att-1865\"><img loading=\"lazy\" decoding=\"async\" class=\"alignleft size-thumbnail wp-image-1865\" alt=\"diplomasprincipal\" src=\"http:\/\/www.benarabi.org\/wp-content\/uploads\/2012\/12\/diplomasprincipal-150x150.jpg\" width=\"150\" height=\"150\" \/><\/a><\/p>\n<p style=\"text-align: justify;\">El pasado 17 de diciembre, el Director General de Planificaci\u00f3n y Ordenaci\u00f3n Educativa, D. Carlos Romero Gallego, hizo entrega del Dipl\u00f4me de Baccalaur\u00e9at G\u00e9n\u00e9ral a los alumnos de la Regi\u00f3n de Murcia que superaron en mayo de 2012 la prueba externa del Programa de Curr\u00edculo Mixto relativo a la doble titulaci\u00f3n Bachillerato\/Baccalaur\u00e9at, Bachibac.<\/p>\n<p style=\"text-align: justify;\">Si quieres ver la galer\u00eda de fotos, <a href=\"http:\/\/multimedia.laopiniondemurcia.es\/fotos\/murcia\/entrega-diplomas-1834_1.shtml  \" target=\"_blank\">pincha aqu\u00ed.<\/a><\/p>\n<p style=\"text-align: justify;\">Puedes ver m\u00e1s informaci\u00f3n en la Secci\u00f3n Biling\u00fce del Centro.<\/p>\n<p style=\"text-align: justify;\"><!--more-->El acto, que tuvo lugar en el Sal\u00f3n de Actos del IES Alfonso X El Sabio, cont\u00f3 con la presencia de la Subdirectora General de Planificaci\u00f3n y Ordenaci\u00f3n Educativa, la Jefa de Servicio de Programas Educativos y los directores del IES Ben Arab\u00ed de Cartagena y de los IES Mariano Baquero Goyanes y Alfonso X El Sabio de Murcia, as\u00ed como familiares y amigos de los alumnos.<\/p>\n<p style=\"text-align: justify;\">Este programa tiene sus or\u00edgenes en el Acuerdo Marco entre Francia y Espa\u00f1a suscrito en el a\u00f1o 2005 sobre los programas educativos, ling\u00fc\u00edsticos y culturales en los Centros Escolares de los dos Estados, en cuyo art\u00edculo 7 se hace referencia a una posible integraci\u00f3n de los respectivos curr\u00edculos de Educaci\u00f3n Secundaria en un curr\u00edculo com\u00fan mixto, con objeto de poder otorgar una doble titulaci\u00f3n. Finalmente, el Acuerdo entre el Gobierno del Reino de Espa\u00f1a y el Gobierno de la Rep\u00fablica Francesa, firmado en Par\u00eds el 10 de enero de 2008, materializ\u00f3 este objetivo creando un marco de cooperaci\u00f3n educativa para otorgar simult\u00e1neamente los t\u00edtulos de Bachiller y de \u00abBaccalaur\u00e9at\u00bb a los alumnos de los dos pa\u00edses. En el caso de los alumnos espa\u00f1oles, esta titulaci\u00f3n les permite acceder a la ense\u00f1anza superior espa\u00f1ola de acuerdo a lo dispuesto en la normativa vigente y a la ense\u00f1anza superior francesa.<\/p>\n<p style=\"text-align: justify;\">En el curso 2010-2011, tres centros educativos de Educaci\u00f3n Secundaria de la Regi\u00f3n de Murcia se adscribieron al citado Programa: el IES Ben Arab\u00ed de Cartagena y los IES Alfonso X El Sabio y Mariano Baquero Goyanes de Murcia.<\/p>\n<p style=\"text-align: justify;\">Tras finalizar los estudios de Bachillerato, 42 alumnos de los citados centros adscritos al Programa Bachibac obtuvieron la doble titulaci\u00f3n de Bachiller y Baccalaur\u00e9at.<\/p>\n<p style=\"text-align: justify;\">Durante el presente curso 2012-2013, 61 alumnos de 1\u00ba de Bachillerato y 50 de 2\u00ba de Bachillerato cursan el Programa Bachibac.<\/p>\n","protected":false},"excerpt":{"rendered":"<p>El pasado 17 de diciembre, el Director General de Planificaci\u00f3n y Ordenaci\u00f3n Educativa, D. Carlos Romero Gallego, hizo entrega del Dipl\u00f4me de Baccalaur\u00e9at G\u00e9n\u00e9ral a los alumnos de la Regi\u00f3n de Murcia que superaron en mayo de 2012 la prueba externa del Programa de Curr\u00edculo Mixto relativo a la doble titulaci\u00f3n Bachillerato\/Baccalaur\u00e9at, Bachibac. Si quieres [&hellip;]<\/p>\n","protected":false},"author":1,"featured_media":1865,"comment_status":"closed","ping_status":"open","sticky":false,"template":"","format":"standard","meta":{"footnotes":""},"categories":[1],"tags":[],"class_list":["post-1864","post","type-post","status-publish","format-standard","has-post-thumbnail","hentry","category-sin-categoria"],"_links":{"self":[{"href":"https:\/\/www.benarabi.org\/index.php?rest_route=\/wp\/v2\/posts\/1864","targetHints":{"allow":["GET"]}}],"collection":[{"href":"https:\/\/www.benarabi.org\/index.php?rest_route=\/wp\/v2\/posts"}],"about":[{"href":"https:\/\/www.benarabi.org\/index.php?rest_route=\/wp\/v2\/types\/post"}],"author":[{"embeddable":true,"href":"https:\/\/www.benarabi.org\/index.php?rest_route=\/wp\/v2\/users\/1"}],"replies":[{"embeddable":true,"href":"https:\/\/www.benarabi.org\/index.php?rest_route=%2Fwp%2Fv2%2Fcomments&post=1864"}],"version-history":[{"count":3,"href":"https:\/\/www.benarabi.org\/index.php?rest_route=\/wp\/v2\/posts\/1864\/revisions"}],"predecessor-version":[{"id":1868,"href":"https:\/\/www.benarabi.org\/index.php?rest_route=\/wp\/v2\/posts\/1864\/revisions\/1868"}],"wp:featuredmedia":[{"embeddable":true,"href":"https:\/\/www.benarabi.org\/index.php?rest_route=\/wp\/v2\/media\/1865"}],"wp:attachment":[{"href":"https:\/\/www.benarabi.org\/index.php?rest_route=%2Fwp%2Fv2%2Fmedia&parent=1864"}],"wp:term":[{"taxonomy":"category","embeddable":true,"href":"https:\/\/www.benarabi.org\/index.php?rest_route=%2Fwp%2Fv2%2Fcategories&post=1864"},{"taxonomy":"post_tag","embeddable":true,"href":"https:\/\/www.benarabi.org\/index.php?rest_route=%2Fwp%2Fv2%2Ftags&post=1864"}],"curies":[{"name":"wp","href":"https:\/\/api.w.org\/{rel}","templated":true}]}}