{"id":1938,"date":"2013-01-27T19:55:01","date_gmt":"2013-01-27T18:55:01","guid":{"rendered":"http:\/\/www.benarabi.org\/?p=1938"},"modified":"2013-01-27T19:55:43","modified_gmt":"2013-01-27T18:55:43","slug":"el-ies-ben-arabi-entrega-el-xv-premio-jacinto-alcaraz-mellado-a-amupheb","status":"publish","type":"post","link":"https:\/\/www.benarabi.org\/?p=1938","title":{"rendered":"El IES Ben Arabi entrega el XV Premio Jacinto Alcaraz Mellado a AMUPHEB"},"content":{"rendered":"<p style=\"text-align: justify;\"><a href=\"http:\/\/www.benarabi.org\/?attachment_id=1947\" rel=\"attachment wp-att-1947\"><img loading=\"lazy\" decoding=\"async\" class=\"alignleft size-thumbnail wp-image-1947\" alt=\"IMG_4308\" src=\"http:\/\/www.benarabi.org\/wp-content\/uploads\/2013\/01\/IMG_4308-150x150.jpg\" width=\"150\" height=\"150\" \/><\/a>El jueves 24 de enero de 2013 tuvo lugar el acto de entrega del Premio \u00abJacinto Alcaraz Mellado\u00bb a la solidaridad, tolerancia y convivencia en su decimoquinta edici\u00f3n. En esta ocasi\u00f3n el premio ha reca\u00eddo en AMUPHEB (Asociaci\u00f3n Murciana de Padres con Hijos con Espina B\u00edfida). Al acto asistieron, entre otros invitados, D\u00aa Josefa Maroto, concejal de Educaci\u00f3n del Ayuntamiento de Cartagena y D. Juan Navarro, jefe del Servicio de Atenci\u00f3n a la Diversidad de la Consejer\u00eda de Educaci\u00f3n, junto con profesores y alumnos del Centro.<\/p>\n<p style=\"text-align: justify;\"><!--more-->En el desarrollo del acto, que se celebr\u00f3 en el auditorio del Conservatorio Profesional de M\u00fasica, se hizo entrega del galard\u00f3n consistente en un trofeo alusivo elaborado por Astus-Prolam y un premio en met\u00e1lico de 600 euros que recogi\u00f3 D\u00aa Carmen Gil, presidente de la asociaci\u00f3n. Adem\u00e1s, la Asociaci\u00f3n premiada proyect\u00f3 un documental sobre los problemas a que se enfrentan los afectados y sus familias, as\u00ed como de la labor que se lleva a\u00a0 cabo desde AMUPHEB. Igualmente, los asistentes disfrutaron de la actuaci\u00f3n literario-musical a cargo de alumnos del propio centro. Por \u00faltimo, se hizo la presentaci\u00f3n del nuevo cartel, suponiendo el punto de partida para la decimosexta edici\u00f3n del premio que, a partir de ahora, comienza su andadura con la apertura del plazo de presentaci\u00f3n de las nuevas candidaturas.<\/p>\n<div id='gallery-1' class='gallery galleryid-1938 gallery-columns-3 gallery-size-thumbnail'><figure class='gallery-item'>\n\t\t\t<div class='gallery-icon landscape'>\n\t\t\t\t<a href='https:\/\/www.benarabi.org\/?attachment_id=1939'><img loading=\"lazy\" decoding=\"async\" width=\"141\" height=\"141\" src=\"https:\/\/www.benarabi.org\/wp-content\/uploads\/2013\/01\/IMG_4307-150x150.jpg\" class=\"attachment-thumbnail size-thumbnail\" alt=\"\" \/><\/a>\n\t\t\t<\/div><\/figure><figure class='gallery-item'>\n\t\t\t<div class='gallery-icon landscape'>\n\t\t\t\t<a href='https:\/\/www.benarabi.org\/?attachment_id=1940'><img loading=\"lazy\" decoding=\"async\" width=\"141\" height=\"141\" src=\"https:\/\/www.benarabi.org\/wp-content\/uploads\/2013\/01\/IMG_4310-150x150.jpg\" class=\"attachment-thumbnail size-thumbnail\" alt=\"\" \/><\/a>\n\t\t\t<\/div><\/figure><figure class='gallery-item'>\n\t\t\t<div class='gallery-icon portrait'>\n\t\t\t\t<a href='https:\/\/www.benarabi.org\/?attachment_id=1941'><img loading=\"lazy\" decoding=\"async\" width=\"141\" height=\"141\" src=\"https:\/\/www.benarabi.org\/wp-content\/uploads\/2013\/01\/IMG_4318-e1359313020853-150x150.jpg\" class=\"attachment-thumbnail size-thumbnail\" alt=\"\" \/><\/a>\n\t\t\t<\/div><\/figure><figure class='gallery-item'>\n\t\t\t<div class='gallery-icon landscape'>\n\t\t\t\t<a href='https:\/\/www.benarabi.org\/?attachment_id=1942'><img loading=\"lazy\" decoding=\"async\" width=\"141\" height=\"141\" src=\"https:\/\/www.benarabi.org\/wp-content\/uploads\/2013\/01\/IMG_4315-150x150.jpg\" class=\"attachment-thumbnail size-thumbnail\" alt=\"\" \/><\/a>\n\t\t\t<\/div><\/figure><figure class='gallery-item'>\n\t\t\t<div class='gallery-icon portrait'>\n\t\t\t\t<a href='https:\/\/www.benarabi.org\/?attachment_id=1943'><img loading=\"lazy\" decoding=\"async\" width=\"141\" height=\"141\" src=\"https:\/\/www.benarabi.org\/wp-content\/uploads\/2013\/01\/IMG_4317-e1359313061453-150x150.jpg\" class=\"attachment-thumbnail size-thumbnail\" alt=\"\" \/><\/a>\n\t\t\t<\/div><\/figure><figure class='gallery-item'>\n\t\t\t<div class='gallery-icon landscape'>\n\t\t\t\t<a href='https:\/\/www.benarabi.org\/?attachment_id=1944'><img loading=\"lazy\" decoding=\"async\" width=\"141\" height=\"141\" src=\"https:\/\/www.benarabi.org\/wp-content\/uploads\/2013\/01\/IMG_4324-150x150.jpg\" class=\"attachment-thumbnail size-thumbnail\" alt=\"\" \/><\/a>\n\t\t\t<\/div><\/figure><figure class='gallery-item'>\n\t\t\t<div class='gallery-icon landscape'>\n\t\t\t\t<a href='https:\/\/www.benarabi.org\/?attachment_id=1945'><img loading=\"lazy\" decoding=\"async\" width=\"141\" height=\"141\" src=\"https:\/\/www.benarabi.org\/wp-content\/uploads\/2013\/01\/IMG_4329-150x150.jpg\" class=\"attachment-thumbnail size-thumbnail\" alt=\"\" \/><\/a>\n\t\t\t<\/div><\/figure><figure class='gallery-item'>\n\t\t\t<div class='gallery-icon landscape'>\n\t\t\t\t<a href='https:\/\/www.benarabi.org\/?attachment_id=1946'><img loading=\"lazy\" decoding=\"async\" width=\"141\" height=\"141\" src=\"https:\/\/www.benarabi.org\/wp-content\/uploads\/2013\/01\/IMG_4334-150x150.jpg\" class=\"attachment-thumbnail size-thumbnail\" alt=\"\" \/><\/a>\n\t\t\t<\/div><\/figure><figure class='gallery-item'>\n\t\t\t<div class='gallery-icon landscape'>\n\t\t\t\t<a href='https:\/\/www.benarabi.org\/?attachment_id=1947'><img loading=\"lazy\" decoding=\"async\" width=\"141\" height=\"141\" src=\"https:\/\/www.benarabi.org\/wp-content\/uploads\/2013\/01\/IMG_4308-150x150.jpg\" class=\"attachment-thumbnail size-thumbnail\" alt=\"\" \/><\/a>\n\t\t\t<\/div><\/figure>\n\t\t<\/div>\n\n","protected":false},"excerpt":{"rendered":"<p>El jueves 24 de enero de 2013 tuvo lugar el acto de entrega del Premio \u00abJacinto Alcaraz Mellado\u00bb a la solidaridad, tolerancia y convivencia en su decimoquinta edici\u00f3n. En esta ocasi\u00f3n el premio ha reca\u00eddo en AMUPHEB (Asociaci\u00f3n Murciana de Padres con Hijos con Espina B\u00edfida). Al acto asistieron, entre otros invitados, D\u00aa Josefa Maroto, [&hellip;]<\/p>\n","protected":false},"author":1,"featured_media":1944,"comment_status":"closed","ping_status":"open","sticky":false,"template":"","format":"standard","meta":{"footnotes":""},"categories":[1],"tags":[],"class_list":["post-1938","post","type-post","status-publish","format-standard","has-post-thumbnail","hentry","category-sin-categoria"],"_links":{"self":[{"href":"https:\/\/www.benarabi.org\/index.php?rest_route=\/wp\/v2\/posts\/1938","targetHints":{"allow":["GET"]}}],"collection":[{"href":"https:\/\/www.benarabi.org\/index.php?rest_route=\/wp\/v2\/posts"}],"about":[{"href":"https:\/\/www.benarabi.org\/index.php?rest_route=\/wp\/v2\/types\/post"}],"author":[{"embeddable":true,"href":"https:\/\/www.benarabi.org\/index.php?rest_route=\/wp\/v2\/users\/1"}],"replies":[{"embeddable":true,"href":"https:\/\/www.benarabi.org\/index.php?rest_route=%2Fwp%2Fv2%2Fcomments&post=1938"}],"version-history":[{"count":2,"href":"https:\/\/www.benarabi.org\/index.php?rest_route=\/wp\/v2\/posts\/1938\/revisions"}],"predecessor-version":[{"id":1949,"href":"https:\/\/www.benarabi.org\/index.php?rest_route=\/wp\/v2\/posts\/1938\/revisions\/1949"}],"wp:featuredmedia":[{"embeddable":true,"href":"https:\/\/www.benarabi.org\/index.php?rest_route=\/wp\/v2\/media\/1944"}],"wp:attachment":[{"href":"https:\/\/www.benarabi.org\/index.php?rest_route=%2Fwp%2Fv2%2Fmedia&parent=1938"}],"wp:term":[{"taxonomy":"category","embeddable":true,"href":"https:\/\/www.benarabi.org\/index.php?rest_route=%2Fwp%2Fv2%2Fcategories&post=1938"},{"taxonomy":"post_tag","embeddable":true,"href":"https:\/\/www.benarabi.org\/index.php?rest_route=%2Fwp%2Fv2%2Ftags&post=1938"}],"curies":[{"name":"wp","href":"https:\/\/api.w.org\/{rel}","templated":true}]}}