{"id":2043,"date":"2013-02-19T14:00:18","date_gmt":"2013-02-19T13:00:18","guid":{"rendered":"http:\/\/www.benarabi.org\/?p=2043"},"modified":"2013-02-19T14:10:32","modified_gmt":"2013-02-19T13:10:32","slug":"ii-semana-cultural-patrimonio-historico-de-cartagena","status":"publish","type":"post","link":"https:\/\/www.benarabi.org\/?p=2043","title":{"rendered":"II Semana Cultural \u201cPatrimonio Hist\u00f3rico de Cartagena\u201d"},"content":{"rendered":"<p style=\"text-align: justify;\"><span style=\"font-size: 16px;\"><a href=\"http:\/\/www.benarabi.org\/wp-content\/uploads\/2013\/02\/vistacartagena.jpg\"><img loading=\"lazy\" decoding=\"async\" class=\"alignleft size-thumbnail wp-image-2044\" alt=\"OLYMPUS DIGITAL CAMERA\" src=\"http:\/\/www.benarabi.org\/wp-content\/uploads\/2013\/02\/vistacartagena-150x150.jpg\" width=\"150\" height=\"150\" \/><\/a><\/span><\/p>\n<p style=\"text-align: justify;\">El IES Ben Arab\u00ed celebr\u00f3 del 23 al 26 de enero, su II Semana Cultural: \u201cPatrimonio Hist\u00f3rico de Cartagena\u201d, con el objetivo fundamental de que los alumnos pudieran \u00a0conocer algunos de los enclaves m\u00e1s representativos de nuestra ciudad.<\/p>\n<p style=\"text-align: justify;\">Se realizaron visitas guiadas al Archivo Municipal del Museo de Artiller\u00eda, Museo Arqua, Navantia, Teatro Romano,\u2026as\u00ed como dos conferencias a cargo del director del Museo Arqua y la directora del Museo del Teatro Romano, respectivamente.<\/p>\n<p style=\"text-align: justify;\"><!--more-->La rehabilitaci\u00f3n y apertura p\u00fablica de nuevos enclaves de singular riqueza hist\u00f3rica y patrimonial en el municipio de Cartagena, ha ampliado considerablemente la oferta de visitas y, con ella, las posibilidades de utilizar sus recursos, tanto en su vertiente cient\u00edfica como did\u00e1ctica. El conocimiento de esta riqueza patrimonial que ofrece la ciudad es un primer objetivo, necesario para poder convertir esta riqueza en un recurso did\u00e1ctico f\u00e9rtil y eficaz. Se ha pretendido que los alumnos puedan conocer, con m\u00e1s calado, no s\u00f3lo algunos de estos enclaves m\u00e1s representativos, sino el porqu\u00e9 de la forma en que han sido rehabilitados, estructurados y expuestos, as\u00ed como los recursos \u2013muchos no expuestos- de los que puede disponerse, tanto para una profundizaci\u00f3n en el conocimiento cient\u00edfico de los enclaves como, sobre todo, de las posibilidades que, como recurso did\u00e1ctico, puedan ofrecer.<\/p>\n<p style=\"text-align: justify;\">Una de las preocupaciones fundamentales de los responsables de estos enclaves patrimoniales, es la de aprovechar sus valiosos y costosos recursos para abrirse a la Ciudad y al Mundo, para transmitir toda la riqueza cultural puesta en valor y costosamente mantenida. Dentro de esta preocupaci\u00f3n general, la vertiente did\u00e1ctica ocupa un lugar esencial \u2013sin menoscabo de la cient\u00edfica, a la que dedican una buena parte de sus esfuerzos y recursos-, y as\u00ed se aprecia en sus desvelos por programar y llevar a cabo actividades dirigidas a estudiantes de, pr\u00e1cticamente, todos los niveles.<\/p>\n<p style=\"text-align: justify;\">En este contexto, se han programado dos conferencias, dirigidas a alumnos de Bachillerato, y una visita -para profesores- al Museo Nacional de Arqueolog\u00eda Subacu\u00e1tica (ARQVA). La primera de las conferencias corri\u00f3 a cargo del Prf.Dr. D. Xavier Nieto Prieto, Director del Museo Nacional de Arqueolog\u00eda Subacu\u00e1tica (ARQVA). La segunda la imparti\u00f3 la Prfra. Dra. D\u00f1a. Elena Ru\u00edz Valderas, Directora del Museo del Teatro Romano de Cartagena. En ambas se incidi\u00f3 en el contenido y objeto propio de la Arqueolog\u00eda incluida, como es obvio, su vertiente subacu\u00e1tica. Adem\u00e1s, ambos conferenciantes proporcionaron\u00a0una visi\u00f3n, a la vez sin\u00f3ptica y de cierto calado, de los distintos enclaves patrimoniales de los que son responsables, de las instituciones y profesionales que se ocupan de ellos, de la manera en que han sido rehabilitados, estructurados y expuestos, de las actividades que realizan, de los recursos cient\u00edficos y did\u00e1cticos de que disponen, contribuyendo as\u00ed a la mejora de las competencias de los alumnos, sobre todo las que refieren al conocimiento e interacci\u00f3n con el mundo f\u00edsico, as\u00ed como al conocimiento de la propia historia y del patrimonio hist\u00f3rico, cultural y art\u00edstico.<\/p>\n<p style=\"text-align: justify;\">Para\u00a0concluir la Semana Cultural, se proyect\u00f3 una visita al Museo Nacional de Arqueolog\u00eda Subacu\u00e1tica (ARQVA), dirigida por su Director, el Dr. Xavier Nieto Prieto. Durante m\u00e1s de dos horas, un grupo de profesores disfrut\u00f3 detalladamente de la explicaci\u00f3n de los distintos procesos de la Arqueolog\u00eda Subacu\u00e1tica, as\u00ed como de las magn\u00edficas piezas que exhibe el museo. Todo un lujo.<\/p>\n<p style=\"text-align: right;\" align=\"right\">Jos\u00e9 Luis Gil de Pareja Ot\u00f3n<\/p>\n<p align=\"right\">Profesor de Filosof\u00eda<\/p>\n<div id='gallery-1' class='gallery galleryid-2043 gallery-columns-3 gallery-size-thumbnail'><figure class='gallery-item'>\n\t\t\t<div class='gallery-icon landscape'>\n\t\t\t\t<a href='https:\/\/www.benarabi.org\/?attachment_id=2045'><img loading=\"lazy\" decoding=\"async\" width=\"141\" height=\"141\" src=\"https:\/\/www.benarabi.org\/wp-content\/uploads\/2013\/02\/museo-arqua-150x150.jpg\" class=\"attachment-thumbnail size-thumbnail\" alt=\"\" \/><\/a>\n\t\t\t<\/div><\/figure><figure class='gallery-item'>\n\t\t\t<div class='gallery-icon landscape'>\n\t\t\t\t<a href='https:\/\/www.benarabi.org\/?attachment_id=2046'><img loading=\"lazy\" decoding=\"async\" width=\"141\" height=\"141\" src=\"https:\/\/www.benarabi.org\/wp-content\/uploads\/2013\/02\/navantia-150x150.jpg\" class=\"attachment-thumbnail size-thumbnail\" alt=\"\" \/><\/a>\n\t\t\t<\/div><\/figure><figure class='gallery-item'>\n\t\t\t<div class='gallery-icon landscape'>\n\t\t\t\t<a href='https:\/\/www.benarabi.org\/?attachment_id=2047'><img loading=\"lazy\" decoding=\"async\" width=\"141\" height=\"141\" src=\"https:\/\/www.benarabi.org\/wp-content\/uploads\/2013\/02\/vistacartagena1-150x150.jpg\" class=\"attachment-thumbnail size-thumbnail\" alt=\"\" \/><\/a>\n\t\t\t<\/div><\/figure><figure class='gallery-item'>\n\t\t\t<div class='gallery-icon landscape'>\n\t\t\t\t<a href='https:\/\/www.benarabi.org\/?attachment_id=2048'><img loading=\"lazy\" decoding=\"async\" width=\"141\" height=\"141\" src=\"https:\/\/www.benarabi.org\/wp-content\/uploads\/2013\/02\/foto11-150x150.jpg\" class=\"attachment-thumbnail size-thumbnail\" alt=\"\" \/><\/a>\n\t\t\t<\/div><\/figure><figure class='gallery-item'>\n\t\t\t<div class='gallery-icon landscape'>\n\t\t\t\t<a href='https:\/\/www.benarabi.org\/?attachment_id=2049'><img loading=\"lazy\" decoding=\"async\" width=\"141\" height=\"141\" src=\"https:\/\/www.benarabi.org\/wp-content\/uploads\/2013\/02\/foto21-150x150.jpg\" class=\"attachment-thumbnail size-thumbnail\" alt=\"\" \/><\/a>\n\t\t\t<\/div><\/figure>\n\t\t<\/div>\n\n","protected":false},"excerpt":{"rendered":"<p>El IES Ben Arab\u00ed celebr\u00f3 del 23 al 26 de enero, su II Semana Cultural: \u201cPatrimonio Hist\u00f3rico de Cartagena\u201d, con el objetivo fundamental de que los alumnos pudieran \u00a0conocer algunos de los enclaves m\u00e1s representativos de nuestra ciudad. Se realizaron visitas guiadas al Archivo Municipal del Museo de Artiller\u00eda, Museo Arqua, Navantia, Teatro Romano,\u2026as\u00ed como [&hellip;]<\/p>\n","protected":false},"author":1,"featured_media":0,"comment_status":"closed","ping_status":"open","sticky":false,"template":"","format":"standard","meta":{"footnotes":""},"categories":[1],"tags":[],"class_list":["post-2043","post","type-post","status-publish","format-standard","hentry","category-sin-categoria"],"_links":{"self":[{"href":"https:\/\/www.benarabi.org\/index.php?rest_route=\/wp\/v2\/posts\/2043","targetHints":{"allow":["GET"]}}],"collection":[{"href":"https:\/\/www.benarabi.org\/index.php?rest_route=\/wp\/v2\/posts"}],"about":[{"href":"https:\/\/www.benarabi.org\/index.php?rest_route=\/wp\/v2\/types\/post"}],"author":[{"embeddable":true,"href":"https:\/\/www.benarabi.org\/index.php?rest_route=\/wp\/v2\/users\/1"}],"replies":[{"embeddable":true,"href":"https:\/\/www.benarabi.org\/index.php?rest_route=%2Fwp%2Fv2%2Fcomments&post=2043"}],"version-history":[{"count":12,"href":"https:\/\/www.benarabi.org\/index.php?rest_route=\/wp\/v2\/posts\/2043\/revisions"}],"predecessor-version":[{"id":2061,"href":"https:\/\/www.benarabi.org\/index.php?rest_route=\/wp\/v2\/posts\/2043\/revisions\/2061"}],"wp:attachment":[{"href":"https:\/\/www.benarabi.org\/index.php?rest_route=%2Fwp%2Fv2%2Fmedia&parent=2043"}],"wp:term":[{"taxonomy":"category","embeddable":true,"href":"https:\/\/www.benarabi.org\/index.php?rest_route=%2Fwp%2Fv2%2Fcategories&post=2043"},{"taxonomy":"post_tag","embeddable":true,"href":"https:\/\/www.benarabi.org\/index.php?rest_route=%2Fwp%2Fv2%2Ftags&post=2043"}],"curies":[{"name":"wp","href":"https:\/\/api.w.org\/{rel}","templated":true}]}}