{"id":2093,"date":"2013-04-08T20:05:10","date_gmt":"2013-04-08T18:05:10","guid":{"rendered":"http:\/\/www.benarabi.org\/?p=2093"},"modified":"2013-04-08T20:05:39","modified_gmt":"2013-04-08T18:05:39","slug":"i-festival-de-musica-del-iesben-arabi","status":"publish","type":"post","link":"https:\/\/www.benarabi.org\/?p=2093","title":{"rendered":"I Festival de M\u00fasica del IES Ben Arabi"},"content":{"rendered":"<p style=\"text-align: justify;\" align=\"center\"><a href=\"http:\/\/www.benarabi.org\/wp-content\/uploads\/2013\/04\/festival.jpg\"><img loading=\"lazy\" decoding=\"async\" class=\"alignleft size-thumbnail wp-image-2094\" alt=\"festival\" src=\"http:\/\/www.benarabi.org\/wp-content\/uploads\/2013\/04\/festival-150x150.jpg\" width=\"150\" height=\"150\" \/><\/a>Durante la semana del 8 al 12 de abril, los alumnos del centro que imparten clase en el Conservatorio Profesional de M\u00fasica de Cartagena, en colaboraci\u00f3n con el Departamento de M\u00fasica y el profesor de la materia Expresi\u00f3n Corporal y Danza, van a realizar una serie de recitales musicales en el escenario ubicado en el\u00a0 hall del centro, durante los recreos, para compartir su m\u00fasica con la comunidad educativa. Composiciones muy variadas que van desde el rock a la m\u00fasica cl\u00e1sica, pasando por el jazz, percusi\u00f3n y flamenco, nos acercan a grandes compositores de varias \u00e9pocas. Adem\u00e1s de estas piezas, destaca la composici\u00f3n in\u00e9dita de uno de nuestros alumnos Adri\u00e1n Qui\u00f1ones; con el t\u00edtulo de <b>\u201cUn sue\u00f1o interior\u201d<\/b>, que ser\u00e1 interpretada el Lunes 8 de abril en el primer recreo.<\/p>\n<p style=\"text-align: justify;\">Si quieres saber m\u00e1s, <a href=\"http:\/\/www.benarabi.org\/wp-content\/uploads\/2013\/04\/programa_-festivalmusica.doc\">pincha aqu<\/a>\u00ed.<\/p>\n<p style=\"text-align: justify;\">\n","protected":false},"excerpt":{"rendered":"<p>Durante la semana del 8 al 12 de abril, los alumnos del centro que imparten clase en el Conservatorio Profesional de M\u00fasica de Cartagena, en colaboraci\u00f3n con el Departamento de M\u00fasica y el profesor de la materia Expresi\u00f3n Corporal y Danza, van a realizar una serie de recitales musicales en el escenario ubicado en el\u00a0 [&hellip;]<\/p>\n","protected":false},"author":1,"featured_media":0,"comment_status":"closed","ping_status":"open","sticky":false,"template":"","format":"standard","meta":{"footnotes":""},"categories":[1],"tags":[],"class_list":["post-2093","post","type-post","status-publish","format-standard","hentry","category-sin-categoria"],"_links":{"self":[{"href":"https:\/\/www.benarabi.org\/index.php?rest_route=\/wp\/v2\/posts\/2093","targetHints":{"allow":["GET"]}}],"collection":[{"href":"https:\/\/www.benarabi.org\/index.php?rest_route=\/wp\/v2\/posts"}],"about":[{"href":"https:\/\/www.benarabi.org\/index.php?rest_route=\/wp\/v2\/types\/post"}],"author":[{"embeddable":true,"href":"https:\/\/www.benarabi.org\/index.php?rest_route=\/wp\/v2\/users\/1"}],"replies":[{"embeddable":true,"href":"https:\/\/www.benarabi.org\/index.php?rest_route=%2Fwp%2Fv2%2Fcomments&post=2093"}],"version-history":[{"count":2,"href":"https:\/\/www.benarabi.org\/index.php?rest_route=\/wp\/v2\/posts\/2093\/revisions"}],"predecessor-version":[{"id":2097,"href":"https:\/\/www.benarabi.org\/index.php?rest_route=\/wp\/v2\/posts\/2093\/revisions\/2097"}],"wp:attachment":[{"href":"https:\/\/www.benarabi.org\/index.php?rest_route=%2Fwp%2Fv2%2Fmedia&parent=2093"}],"wp:term":[{"taxonomy":"category","embeddable":true,"href":"https:\/\/www.benarabi.org\/index.php?rest_route=%2Fwp%2Fv2%2Fcategories&post=2093"},{"taxonomy":"post_tag","embeddable":true,"href":"https:\/\/www.benarabi.org\/index.php?rest_route=%2Fwp%2Fv2%2Ftags&post=2093"}],"curies":[{"name":"wp","href":"https:\/\/api.w.org\/{rel}","templated":true}]}}