{"id":2131,"date":"2013-05-07T09:45:54","date_gmt":"2013-05-07T07:45:54","guid":{"rendered":"http:\/\/www.benarabi.org\/?p=2131"},"modified":"2013-05-07T09:46:54","modified_gmt":"2013-05-07T07:46:54","slug":"proceso-de-admision-de-alumnos-para-los-pcpi","status":"publish","type":"post","link":"https:\/\/www.benarabi.org\/?p=2131","title":{"rendered":"Proceso de admisi\u00f3n de alumnos para los PCPI"},"content":{"rendered":"<p style=\"text-align: justify;\"><a href=\"http:\/\/www.benarabi.org\/wp-content\/uploads\/2012\/05\/pcpi-2.jpg\"><img loading=\"lazy\" decoding=\"async\" class=\"alignleft size-thumbnail wp-image-1257\" alt=\"pcpi-2\" src=\"http:\/\/www.benarabi.org\/wp-content\/uploads\/2012\/05\/pcpi-2-150x150.jpg\" width=\"150\" height=\"150\" \/><\/a>Se han publicado las instrucciones que establecen el calendario y el proceso de admisi\u00f3n de alumnos a Programas de Cualificaci\u00f3n Profesional Inicial en la\u00a0\u00a0Resoluci\u00f3n de 12 de abril de 2013 (BORM 30 abril 2013).<\/p>\n<p style=\"text-align: justify;\">\n<p style=\"text-align: justify;\">El plazo de presentaci\u00f3n de solicitudes en el centro solicitado en primera opci\u00f3n es del\u00a0<b><span style=\"text-decoration: underline;\">10 al 23 de mayo de 2013.<\/span><\/b><\/p>\n<p style=\"text-align: justify;\">Si est\u00e1s interesado solicita informaci\u00f3n a tu tutor y\/o al Departamento de Orientaci\u00f3n del Instituto.<\/p>\n<p style=\"text-align: justify;\">La informaci\u00f3n completa y detallada la puedes encontrar en el <a href=\"http:\/\/www.carm.es\/web\/pagina?IDCONTENIDO=28340&amp;IDTIPO=100&amp;RASTRO=c816$m36085\" target=\"_blank\">siguiente enlace<\/a><\/p>\n<p style=\"text-align: justify;\">\n","protected":false},"excerpt":{"rendered":"<p>Se han publicado las instrucciones que establecen el calendario y el proceso de admisi\u00f3n de alumnos a Programas de Cualificaci\u00f3n Profesional Inicial en la\u00a0\u00a0Resoluci\u00f3n de 12 de abril de 2013 (BORM 30 abril 2013). El plazo de presentaci\u00f3n de solicitudes en el centro solicitado en primera opci\u00f3n es del\u00a010 al 23 de mayo de 2013. [&hellip;]<\/p>\n","protected":false},"author":1,"featured_media":0,"comment_status":"closed","ping_status":"open","sticky":false,"template":"","format":"standard","meta":{"footnotes":""},"categories":[1],"tags":[],"class_list":["post-2131","post","type-post","status-publish","format-standard","hentry","category-sin-categoria"],"_links":{"self":[{"href":"https:\/\/www.benarabi.org\/index.php?rest_route=\/wp\/v2\/posts\/2131","targetHints":{"allow":["GET"]}}],"collection":[{"href":"https:\/\/www.benarabi.org\/index.php?rest_route=\/wp\/v2\/posts"}],"about":[{"href":"https:\/\/www.benarabi.org\/index.php?rest_route=\/wp\/v2\/types\/post"}],"author":[{"embeddable":true,"href":"https:\/\/www.benarabi.org\/index.php?rest_route=\/wp\/v2\/users\/1"}],"replies":[{"embeddable":true,"href":"https:\/\/www.benarabi.org\/index.php?rest_route=%2Fwp%2Fv2%2Fcomments&post=2131"}],"version-history":[{"count":2,"href":"https:\/\/www.benarabi.org\/index.php?rest_route=\/wp\/v2\/posts\/2131\/revisions"}],"predecessor-version":[{"id":2133,"href":"https:\/\/www.benarabi.org\/index.php?rest_route=\/wp\/v2\/posts\/2131\/revisions\/2133"}],"wp:attachment":[{"href":"https:\/\/www.benarabi.org\/index.php?rest_route=%2Fwp%2Fv2%2Fmedia&parent=2131"}],"wp:term":[{"taxonomy":"category","embeddable":true,"href":"https:\/\/www.benarabi.org\/index.php?rest_route=%2Fwp%2Fv2%2Fcategories&post=2131"},{"taxonomy":"post_tag","embeddable":true,"href":"https:\/\/www.benarabi.org\/index.php?rest_route=%2Fwp%2Fv2%2Ftags&post=2131"}],"curies":[{"name":"wp","href":"https:\/\/api.w.org\/{rel}","templated":true}]}}