{"id":2218,"date":"2013-06-07T11:31:32","date_gmt":"2013-06-07T09:31:32","guid":{"rendered":"http:\/\/www.benarabi.org\/?p=2218"},"modified":"2013-06-07T11:31:32","modified_gmt":"2013-06-07T09:31:32","slug":"acto-de-graduacion-de-los-alumnos-de-2o-bachillerato-2","status":"publish","type":"post","link":"https:\/\/www.benarabi.org\/?p=2218","title":{"rendered":"Acto de graduaci\u00f3n de los alumnos de 2\u00ba Bachillerato"},"content":{"rendered":"<p style=\"text-align: justify;\"><a href=\"http:\/\/www.benarabi.org\/wp-content\/uploads\/2013\/06\/imagen1.jpg\"><img loading=\"lazy\" decoding=\"async\" class=\"size-thumbnail wp-image-2219 alignleft\" alt=\"imagen1\" src=\"http:\/\/www.benarabi.org\/wp-content\/uploads\/2013\/06\/imagen1-150x150.jpg\" width=\"150\" height=\"150\" \/><\/a>El pasado viernes 31 de mayo, se celebr\u00f3 el Acto de Graduaci\u00f3n de nuestros alumnos de 2\u00ba de Bachillerato. Todos los miembros de la Comunidad Educativa del IES. Ben Arabi pudieron disfrutar de una ceremonia emotiva, d\u00f3nde los alumnos, quisieron expresar su felicidad y satisfacci\u00f3n de haber estudiado en nuestro Instituto.<\/p>\n<p style=\"text-align: justify;\"><!--more-->El acto tuvo lugar en el hall del Instituto y estuvo repleto de familiares y amigos que acompa\u00f1aron a nuestros bachilleratos, en este d\u00eda tan especial.<\/p>\n<p style=\"text-align: justify;\">El director del Centro abri\u00f3 el acto, dando la bienvenida a todos los asistentes, recordando el paso de estos alumnos por el instituto y dese\u00e1ndoles lo mejor en el futuro.<\/p>\n<p style=\"text-align: justify;\">La profesora de Lat\u00edn, Luc\u00eda Alcaraz, les dedic\u00f3 unas palabras sobre la nueva etapa que iban a iniciar, basada en todo lo que hasta ahora, hab\u00edan aprendido.<\/p>\n<p style=\"text-align: justify;\">Los tutores de cada grupo fueron los encargados de hacer la entrega de diplomas y de una foto de cada grupo.<\/p>\n<p style=\"text-align: justify;\">No pod\u00edan faltar unas palabras de agradecimiento y satisfacci\u00f3n por el gran trabajo desarrollado a lo largo del curso, a todos los profesores de estos grupos.<br \/>\nTras el acto acad\u00e9mico tuvo lugar la cena de despedida en el restaurante del Club de Cabos.<br \/>\n\u00a1\u00a1\u00a1Felicidades a todos!!!<\/p>\n<div id='gallery-1' class='gallery galleryid-2218 gallery-columns-3 gallery-size-thumbnail'><figure class='gallery-item'>\n\t\t\t<div class='gallery-icon landscape'>\n\t\t\t\t<a href='https:\/\/www.benarabi.org\/?attachment_id=2220'><img loading=\"lazy\" decoding=\"async\" width=\"141\" height=\"141\" src=\"https:\/\/www.benarabi.org\/wp-content\/uploads\/2013\/06\/imagen4-150x150.jpg\" class=\"attachment-thumbnail size-thumbnail\" alt=\"\" \/><\/a>\n\t\t\t<\/div><\/figure><figure class='gallery-item'>\n\t\t\t<div class='gallery-icon landscape'>\n\t\t\t\t<a href='https:\/\/www.benarabi.org\/?attachment_id=2221'><img loading=\"lazy\" decoding=\"async\" width=\"141\" height=\"141\" src=\"https:\/\/www.benarabi.org\/wp-content\/uploads\/2013\/06\/imagen3-150x150.jpg\" class=\"attachment-thumbnail size-thumbnail\" alt=\"\" \/><\/a>\n\t\t\t<\/div><\/figure><figure class='gallery-item'>\n\t\t\t<div class='gallery-icon landscape'>\n\t\t\t\t<a href='https:\/\/www.benarabi.org\/?attachment_id=2222'><img loading=\"lazy\" decoding=\"async\" width=\"141\" height=\"141\" src=\"https:\/\/www.benarabi.org\/wp-content\/uploads\/2013\/06\/imagen2-150x150.jpg\" class=\"attachment-thumbnail size-thumbnail\" alt=\"\" \/><\/a>\n\t\t\t<\/div><\/figure><figure class='gallery-item'>\n\t\t\t<div class='gallery-icon landscape'>\n\t\t\t\t<a href='https:\/\/www.benarabi.org\/?attachment_id=2223'><img loading=\"lazy\" decoding=\"async\" width=\"141\" height=\"141\" src=\"https:\/\/www.benarabi.org\/wp-content\/uploads\/2013\/06\/imagen5-150x150.jpg\" class=\"attachment-thumbnail size-thumbnail\" alt=\"\" \/><\/a>\n\t\t\t<\/div><\/figure><figure class='gallery-item'>\n\t\t\t<div class='gallery-icon landscape'>\n\t\t\t\t<a href='https:\/\/www.benarabi.org\/?attachment_id=2219'><img loading=\"lazy\" decoding=\"async\" width=\"141\" height=\"141\" src=\"https:\/\/www.benarabi.org\/wp-content\/uploads\/2013\/06\/imagen1-150x150.jpg\" class=\"attachment-thumbnail size-thumbnail\" alt=\"\" \/><\/a>\n\t\t\t<\/div><\/figure>\n\t\t<\/div>\n\n","protected":false},"excerpt":{"rendered":"<p>El pasado viernes 31 de mayo, se celebr\u00f3 el Acto de Graduaci\u00f3n de nuestros alumnos de 2\u00ba de Bachillerato. Todos los miembros de la Comunidad Educativa del IES. Ben Arabi pudieron disfrutar de una ceremonia emotiva, d\u00f3nde los alumnos, quisieron expresar su felicidad y satisfacci\u00f3n de haber estudiado en nuestro Instituto.<\/p>\n","protected":false},"author":1,"featured_media":0,"comment_status":"closed","ping_status":"open","sticky":false,"template":"","format":"standard","meta":{"footnotes":""},"categories":[1],"tags":[],"class_list":["post-2218","post","type-post","status-publish","format-standard","hentry","category-sin-categoria"],"_links":{"self":[{"href":"https:\/\/www.benarabi.org\/index.php?rest_route=\/wp\/v2\/posts\/2218","targetHints":{"allow":["GET"]}}],"collection":[{"href":"https:\/\/www.benarabi.org\/index.php?rest_route=\/wp\/v2\/posts"}],"about":[{"href":"https:\/\/www.benarabi.org\/index.php?rest_route=\/wp\/v2\/types\/post"}],"author":[{"embeddable":true,"href":"https:\/\/www.benarabi.org\/index.php?rest_route=\/wp\/v2\/users\/1"}],"replies":[{"embeddable":true,"href":"https:\/\/www.benarabi.org\/index.php?rest_route=%2Fwp%2Fv2%2Fcomments&post=2218"}],"version-history":[{"count":1,"href":"https:\/\/www.benarabi.org\/index.php?rest_route=\/wp\/v2\/posts\/2218\/revisions"}],"predecessor-version":[{"id":2224,"href":"https:\/\/www.benarabi.org\/index.php?rest_route=\/wp\/v2\/posts\/2218\/revisions\/2224"}],"wp:attachment":[{"href":"https:\/\/www.benarabi.org\/index.php?rest_route=%2Fwp%2Fv2%2Fmedia&parent=2218"}],"wp:term":[{"taxonomy":"category","embeddable":true,"href":"https:\/\/www.benarabi.org\/index.php?rest_route=%2Fwp%2Fv2%2Fcategories&post=2218"},{"taxonomy":"post_tag","embeddable":true,"href":"https:\/\/www.benarabi.org\/index.php?rest_route=%2Fwp%2Fv2%2Ftags&post=2218"}],"curies":[{"name":"wp","href":"https:\/\/api.w.org\/{rel}","templated":true}]}}