{"id":2307,"date":"2013-09-23T19:58:15","date_gmt":"2013-09-23T17:58:15","guid":{"rendered":"http:\/\/www.benarabi.org\/?p=2307"},"modified":"2013-09-23T20:01:19","modified_gmt":"2013-09-23T18:01:19","slug":"el-ies-ben-arabi-apuesta-por-ser-centro-de-excelencia-educativa","status":"publish","type":"post","link":"https:\/\/www.benarabi.org\/?p=2307","title":{"rendered":"El IES Ben Arabi apuesta por ser \u201cCentro de Excelencia Educativa\u201d"},"content":{"rendered":"<p style=\"text-align: justify;\"><a href=\"http:\/\/www.benarabi.org\/wp-content\/uploads\/2013\/09\/logotipo-caf-educacion.jpg\"><img loading=\"lazy\" decoding=\"async\" class=\"alignleft size-thumbnail wp-image-2309\" alt=\"logotipo caf educacion\" src=\"http:\/\/www.benarabi.org\/wp-content\/uploads\/2013\/09\/logotipo-caf-educacion-150x150.jpg\" width=\"150\" height=\"150\" \/><\/a>El IES Ben Arabi ha sido seleccionado, por la Direcci\u00f3n General de Recursos Humanos y Calidad Educativa, para su incorporaci\u00f3n en el modelo de gesti\u00f3n de excelencia CAF Educaci\u00f3n. El objetivo de este programa es mejorar la calidad de la ense\u00f1anza y el funcionamiento de los centros.<\/p>\n<p style=\"text-align: justify;\">La implantaci\u00f3n del CAF Educaci\u00f3n se realizar\u00e1 a lo largo de los pr\u00f3ximos\u00a0 3 cursos acad\u00e9micos. Al final de dicho proceso, nuestro Centro estar\u00e1 en disposici\u00f3n de obtener el reconocimiento como Centro de Excelencia Educativa Regi\u00f3n de Murcia y la Certificaci\u00f3n en CAF Educaci\u00f3n, en su caso.<\/p>\n<p style=\"text-align: justify;\"><!--more-->En la Resoluci\u00f3n de 6 de septiembre de 2013, de la Direcci\u00f3n General de Recursos Humanos y Calidad Educativa, han sido seleccionados un total de 13 centros docentes no universitarios de la Regi\u00f3n de Murcia, entre ellos, el IES. Ben Arabi.<\/p>\n<p style=\"text-align: justify;\">El modelo de excelencia CAF Educaci\u00f3n se desarrollar\u00e1 en tres etapas: etapa de Inicio, etapa de implantaci\u00f3n y etapa de reconocimiento.<\/p>\n<p style=\"text-align: justify;\">\u00a0Si quieres saber m\u00e1s, <a href=\"http:\/\/www.borm.es\/borm\/documento?obj=anu&amp;id=549991\" target=\"_blank\">pincha aqu\u00ed<\/a><\/p>\n<p>&nbsp;<\/p>\n<p>&nbsp;<\/p>\n","protected":false},"excerpt":{"rendered":"<p>El IES Ben Arabi ha sido seleccionado, por la Direcci\u00f3n General de Recursos Humanos y Calidad Educativa, para su incorporaci\u00f3n en el modelo de gesti\u00f3n de excelencia CAF Educaci\u00f3n. El objetivo de este programa es mejorar la calidad de la ense\u00f1anza y el funcionamiento de los centros. La implantaci\u00f3n del CAF Educaci\u00f3n se realizar\u00e1 a [&hellip;]<\/p>\n","protected":false},"author":1,"featured_media":0,"comment_status":"closed","ping_status":"open","sticky":false,"template":"","format":"standard","meta":{"footnotes":""},"categories":[1],"tags":[],"class_list":["post-2307","post","type-post","status-publish","format-standard","hentry","category-sin-categoria"],"_links":{"self":[{"href":"https:\/\/www.benarabi.org\/index.php?rest_route=\/wp\/v2\/posts\/2307","targetHints":{"allow":["GET"]}}],"collection":[{"href":"https:\/\/www.benarabi.org\/index.php?rest_route=\/wp\/v2\/posts"}],"about":[{"href":"https:\/\/www.benarabi.org\/index.php?rest_route=\/wp\/v2\/types\/post"}],"author":[{"embeddable":true,"href":"https:\/\/www.benarabi.org\/index.php?rest_route=\/wp\/v2\/users\/1"}],"replies":[{"embeddable":true,"href":"https:\/\/www.benarabi.org\/index.php?rest_route=%2Fwp%2Fv2%2Fcomments&post=2307"}],"version-history":[{"count":2,"href":"https:\/\/www.benarabi.org\/index.php?rest_route=\/wp\/v2\/posts\/2307\/revisions"}],"predecessor-version":[{"id":2310,"href":"https:\/\/www.benarabi.org\/index.php?rest_route=\/wp\/v2\/posts\/2307\/revisions\/2310"}],"wp:attachment":[{"href":"https:\/\/www.benarabi.org\/index.php?rest_route=%2Fwp%2Fv2%2Fmedia&parent=2307"}],"wp:term":[{"taxonomy":"category","embeddable":true,"href":"https:\/\/www.benarabi.org\/index.php?rest_route=%2Fwp%2Fv2%2Fcategories&post=2307"},{"taxonomy":"post_tag","embeddable":true,"href":"https:\/\/www.benarabi.org\/index.php?rest_route=%2Fwp%2Fv2%2Ftags&post=2307"}],"curies":[{"name":"wp","href":"https:\/\/api.w.org\/{rel}","templated":true}]}}