{"id":2416,"date":"2013-11-02T11:06:50","date_gmt":"2013-11-02T10:06:50","guid":{"rendered":"http:\/\/www.benarabi.org\/?p=2416"},"modified":"2013-11-02T11:07:48","modified_gmt":"2013-11-02T10:07:48","slug":"el-ies-ben-arabi-se-incorpora-al-programa-de-educacion-para-la-salud-en-la-escuela","status":"publish","type":"post","link":"https:\/\/www.benarabi.org\/?p=2416","title":{"rendered":"El IES Ben Arab\u00ed se incorpora al Programa de Educaci\u00f3n para la Salud en la Escuela"},"content":{"rendered":"<p style=\"text-align: justify;\"><a href=\"http:\/\/www.benarabi.org\/wp-content\/uploads\/2013\/11\/imagenlogo.jpg\"><img loading=\"lazy\" decoding=\"async\" class=\"alignleft  wp-image-2417\" alt=\"imagenlogo\" src=\"http:\/\/www.benarabi.org\/wp-content\/uploads\/2013\/11\/imagenlogo.jpg\" width=\"150\" height=\"48\" \/><\/a>El IES Ben Arab\u00ed se incorpora al Programa de Educaci\u00f3n para la Salud en la Escuela para el curso 2013-14.<\/p>\n<p style=\"text-align: justify;\">El pasado 30 de octubre de 2013, en sesiones de Claustro y de Consejo Escolar, respectivamente, se dio a conocer el <b>Programa de Educaci\u00f3n para la Salud en la Escuela<\/b>, siendo asumida y acordada por la mayor\u00eda de sus \u00a0miembros, la participaci\u00f3n en el mismo.<\/p>\n<p style=\"text-align: justify;\">El Programa contar\u00e1 con una <b>coordinadora<\/b> de Educaci\u00f3n para la Salud, Rosa Guti\u00e9rrez Aranda; as\u00ed como un equipo de coordinaci\u00f3n, formado por personal docente y no docente.<\/p>\n<p style=\"text-align: justify;\">La participaci\u00f3n en el Programa implica la elaboraci\u00f3n y puesta en marcha del <b>Proyecto de Educaci\u00f3n para la Salud<\/b> de nuestro Centro, realizado por el equipo de coordinaci\u00f3n.<\/p>\n<p style=\"text-align: justify;\">El objetivo fundamental del <b>Programa<\/b> es que los centros docentes puedan constituirse en escuelas promotoras de salud, reconociendo as\u00ed el derecho de las personas, no solamente a la obtenci\u00f3n de un bienestar f\u00edsico, sino tambi\u00e9n de un equilibrio afectivo y emocional, en un medio social saludable.<\/p>\n<p style=\"text-align: justify;\">Toda la informaci\u00f3n relacionada con este Programa, tendr\u00e1 un espacio espec\u00edfico en nuestra WEB.<\/p>\n<p style=\"text-align: justify;\"><!--more--><\/p>\n<p style=\"text-align: justify;\">\u00a0El <b>Programa de Educaci\u00f3n para la Salud en la Escuela<\/b> es un proyecto promovido por las Consejer\u00edas de Educaci\u00f3n y Sanidad, cuyo objetivo es ser el marco referencial de la Educaci\u00f3n para la Salud en la Regi\u00f3n de Murcia. Supone una iniciativa que reconoce que la salud y su mantenimiento constituyen la mejor meta e inversi\u00f3n posible, entendi\u00e9ndola desde su aspecto positivo de conservaci\u00f3n y promoci\u00f3n de la salud.<\/p>\n<p style=\"text-align: justify;\">Por su parte, el <b>IES Ben Arab\u00ed<\/b> ha mostrado siempre su compromiso con la formaci\u00f3n integral de su alumnado, as\u00ed como su vinculaci\u00f3n a los principales programas educativos promovidos por las administraciones educativas, en la b\u00fasqueda de la excelencia y la innovaci\u00f3n. Ambas afirmaciones se ven refrendadas por los objetivos expresados en el Proyecto Educativo del Centro (PEC) a lo largo de los a\u00f1os, as\u00ed como en los objetivos anuales para su cumplimiento en las sucesivas Programaciones Generales Anuales (PGAs).<\/p>\n","protected":false},"excerpt":{"rendered":"<p>El IES Ben Arab\u00ed se incorpora al Programa de Educaci\u00f3n para la Salud en la Escuela para el curso 2013-14. El pasado 30 de octubre de 2013, en sesiones de Claustro y de Consejo Escolar, respectivamente, se dio a conocer el Programa de Educaci\u00f3n para la Salud en la Escuela, siendo asumida y acordada por [&hellip;]<\/p>\n","protected":false},"author":1,"featured_media":0,"comment_status":"closed","ping_status":"open","sticky":false,"template":"","format":"standard","meta":{"footnotes":""},"categories":[1],"tags":[],"class_list":["post-2416","post","type-post","status-publish","format-standard","hentry","category-sin-categoria"],"_links":{"self":[{"href":"https:\/\/www.benarabi.org\/index.php?rest_route=\/wp\/v2\/posts\/2416","targetHints":{"allow":["GET"]}}],"collection":[{"href":"https:\/\/www.benarabi.org\/index.php?rest_route=\/wp\/v2\/posts"}],"about":[{"href":"https:\/\/www.benarabi.org\/index.php?rest_route=\/wp\/v2\/types\/post"}],"author":[{"embeddable":true,"href":"https:\/\/www.benarabi.org\/index.php?rest_route=\/wp\/v2\/users\/1"}],"replies":[{"embeddable":true,"href":"https:\/\/www.benarabi.org\/index.php?rest_route=%2Fwp%2Fv2%2Fcomments&post=2416"}],"version-history":[{"count":2,"href":"https:\/\/www.benarabi.org\/index.php?rest_route=\/wp\/v2\/posts\/2416\/revisions"}],"predecessor-version":[{"id":2419,"href":"https:\/\/www.benarabi.org\/index.php?rest_route=\/wp\/v2\/posts\/2416\/revisions\/2419"}],"wp:attachment":[{"href":"https:\/\/www.benarabi.org\/index.php?rest_route=%2Fwp%2Fv2%2Fmedia&parent=2416"}],"wp:term":[{"taxonomy":"category","embeddable":true,"href":"https:\/\/www.benarabi.org\/index.php?rest_route=%2Fwp%2Fv2%2Fcategories&post=2416"},{"taxonomy":"post_tag","embeddable":true,"href":"https:\/\/www.benarabi.org\/index.php?rest_route=%2Fwp%2Fv2%2Ftags&post=2416"}],"curies":[{"name":"wp","href":"https:\/\/api.w.org\/{rel}","templated":true}]}}