{"id":2432,"date":"2013-11-06T13:54:53","date_gmt":"2013-11-06T12:54:53","guid":{"rendered":"http:\/\/www.benarabi.org\/?p=2432"},"modified":"2013-11-06T13:55:11","modified_gmt":"2013-11-06T12:55:11","slug":"halloween-en-nuestro-instituto-semana-terrorifica","status":"publish","type":"post","link":"https:\/\/www.benarabi.org\/?p=2432","title":{"rendered":"Halloween en nuestro Instituto: \u00a1Semana Terror\u00edfica!"},"content":{"rendered":"<p style=\"text-align: justify;\"><a href=\"http:\/\/www.benarabi.org\/wp-content\/uploads\/2013\/11\/imagen5.jpg\"><img loading=\"lazy\" decoding=\"async\" class=\"alignleft size-thumbnail wp-image-2437\" alt=\"imagen5\" src=\"http:\/\/www.benarabi.org\/wp-content\/uploads\/2013\/11\/imagen5-150x150.jpg\" width=\"150\" height=\"150\" \/><\/a>La semana del 28 al 31 de noviembre la biblioteca del instituto se convirti\u00f3 en el espacio id\u00f3neo para preparar una serie de actividades relacionadas con la\u00a0festividad de Halloween.<\/p>\n<p style=\"text-align: justify;\">Los departamentos de Lengua y Dibujo han colaborado en el dise\u00f1o de las mismas. Por un lado la biblioteca se decor\u00f3 para la ocasi\u00f3n con una tenebrosa entrada en forma de gruta que daba paso a un interior decorado con una galer\u00eda de im\u00e1genes y de textos literarios relacionados con el mundo del misterio.<\/p>\n<p style=\"text-align: justify;\"><!--more--><\/p>\n<p style=\"text-align: justify;\">De manera m\u00e1s espec\u00edfica se dedicaron los recreos de martes a jueves para hacer charlas multimedia sobre temas como el v\u00ednculo entre literatura y terror, los zombies y los vampiros.<\/p>\n<p style=\"text-align: justify;\">A nivel de participaci\u00f3n las actividades fueron un \u00e9xito puesto que los tres d\u00edas de charlas los alumnos llenaron el espacio y se mostraron muy interesados por los temas que se trataron.<\/p>\n<div id='gallery-1' class='gallery galleryid-2432 gallery-columns-2 gallery-size-thumbnail'><figure class='gallery-item'>\n\t\t\t<div class='gallery-icon landscape'>\n\t\t\t\t<a href='https:\/\/www.benarabi.org\/?attachment_id=2436'><img loading=\"lazy\" decoding=\"async\" width=\"141\" height=\"141\" src=\"https:\/\/www.benarabi.org\/wp-content\/uploads\/2013\/11\/imagen1-4-150x150.jpg\" class=\"attachment-thumbnail size-thumbnail\" alt=\"\" \/><\/a>\n\t\t\t<\/div><\/figure><figure class='gallery-item'>\n\t\t\t<div class='gallery-icon portrait'>\n\t\t\t\t<a href='https:\/\/www.benarabi.org\/?attachment_id=2435'><img loading=\"lazy\" decoding=\"async\" width=\"141\" height=\"141\" src=\"https:\/\/www.benarabi.org\/wp-content\/uploads\/2013\/11\/imagen2-1-150x150.jpg\" class=\"attachment-thumbnail size-thumbnail\" alt=\"\" \/><\/a>\n\t\t\t<\/div><\/figure><figure class='gallery-item'>\n\t\t\t<div class='gallery-icon portrait'>\n\t\t\t\t<a href='https:\/\/www.benarabi.org\/?attachment_id=2434'><img loading=\"lazy\" decoding=\"async\" width=\"141\" height=\"141\" src=\"https:\/\/www.benarabi.org\/wp-content\/uploads\/2013\/11\/imagen3-1-150x150.jpg\" class=\"attachment-thumbnail size-thumbnail\" alt=\"\" \/><\/a>\n\t\t\t<\/div><\/figure><figure class='gallery-item'>\n\t\t\t<div class='gallery-icon portrait'>\n\t\t\t\t<a href='https:\/\/www.benarabi.org\/?attachment_id=2433'><img loading=\"lazy\" decoding=\"async\" width=\"141\" height=\"141\" src=\"https:\/\/www.benarabi.org\/wp-content\/uploads\/2013\/11\/imagen4-1-150x150.jpg\" class=\"attachment-thumbnail size-thumbnail\" alt=\"\" \/><\/a>\n\t\t\t<\/div><\/figure><figure class='gallery-item'>\n\t\t\t<div class='gallery-icon portrait'>\n\t\t\t\t<a href='https:\/\/www.benarabi.org\/?attachment_id=2437'><img loading=\"lazy\" decoding=\"async\" width=\"141\" height=\"141\" src=\"https:\/\/www.benarabi.org\/wp-content\/uploads\/2013\/11\/imagen5-150x150.jpg\" class=\"attachment-thumbnail size-thumbnail\" alt=\"\" \/><\/a>\n\t\t\t<\/div><\/figure>\n\t\t<\/div>\n\n","protected":false},"excerpt":{"rendered":"<p>La semana del 28 al 31 de noviembre la biblioteca del instituto se convirti\u00f3 en el espacio id\u00f3neo para preparar una serie de actividades relacionadas con la\u00a0festividad de Halloween. Los departamentos de Lengua y Dibujo han colaborado en el dise\u00f1o de las mismas. Por un lado la biblioteca se decor\u00f3 para la ocasi\u00f3n con una [&hellip;]<\/p>\n","protected":false},"author":1,"featured_media":0,"comment_status":"closed","ping_status":"open","sticky":false,"template":"","format":"standard","meta":{"footnotes":""},"categories":[1],"tags":[],"class_list":["post-2432","post","type-post","status-publish","format-standard","hentry","category-sin-categoria"],"_links":{"self":[{"href":"https:\/\/www.benarabi.org\/index.php?rest_route=\/wp\/v2\/posts\/2432","targetHints":{"allow":["GET"]}}],"collection":[{"href":"https:\/\/www.benarabi.org\/index.php?rest_route=\/wp\/v2\/posts"}],"about":[{"href":"https:\/\/www.benarabi.org\/index.php?rest_route=\/wp\/v2\/types\/post"}],"author":[{"embeddable":true,"href":"https:\/\/www.benarabi.org\/index.php?rest_route=\/wp\/v2\/users\/1"}],"replies":[{"embeddable":true,"href":"https:\/\/www.benarabi.org\/index.php?rest_route=%2Fwp%2Fv2%2Fcomments&post=2432"}],"version-history":[{"count":2,"href":"https:\/\/www.benarabi.org\/index.php?rest_route=\/wp\/v2\/posts\/2432\/revisions"}],"predecessor-version":[{"id":2439,"href":"https:\/\/www.benarabi.org\/index.php?rest_route=\/wp\/v2\/posts\/2432\/revisions\/2439"}],"wp:attachment":[{"href":"https:\/\/www.benarabi.org\/index.php?rest_route=%2Fwp%2Fv2%2Fmedia&parent=2432"}],"wp:term":[{"taxonomy":"category","embeddable":true,"href":"https:\/\/www.benarabi.org\/index.php?rest_route=%2Fwp%2Fv2%2Fcategories&post=2432"},{"taxonomy":"post_tag","embeddable":true,"href":"https:\/\/www.benarabi.org\/index.php?rest_route=%2Fwp%2Fv2%2Ftags&post=2432"}],"curies":[{"name":"wp","href":"https:\/\/api.w.org\/{rel}","templated":true}]}}