{"id":2711,"date":"2014-01-16T13:32:55","date_gmt":"2014-01-16T12:32:55","guid":{"rendered":"http:\/\/www.benarabi.org\/?p=2711"},"modified":"2014-01-16T13:37:23","modified_gmt":"2014-01-16T12:37:23","slug":"convocadas-pruebas-de-acceso-a-ciclos-formativos-de-grado-medio-y-grado-superior","status":"publish","type":"post","link":"https:\/\/www.benarabi.org\/?p=2711","title":{"rendered":"Convocadas Pruebas de acceso a ciclos formativos de Grado Medio y Grado Superior"},"content":{"rendered":"<p style=\"text-align: justify;\"><a href=\"http:\/\/www.benarabi.org\/wp-content\/uploads\/2014\/01\/imagen11.jpg\"><img loading=\"lazy\" decoding=\"async\" class=\"alignleft  wp-image-2712\" alt=\"imagen1\" src=\"http:\/\/www.benarabi.org\/wp-content\/uploads\/2014\/01\/imagen11.jpg\" width=\"150\" height=\"170\" \/><\/a>Se ha publicado la convocatoria para las PRUEBAS DE ACCESO A CICLOS FORMATIVOS DE GRADO MEDIO Y SUPERIOR en el BORM en la\u00a0<a href=\"http:\/\/www.benarabi.org\/wp-content\/uploads\/2014\/01\/resolucion-PRUEBAS-ACCESO-CICLOS-FP-2013-2014.pdf\">Resoluci\u00f3n de 19 de diciembre de 2013, de la Direcci\u00f3n General de Formaci\u00f3n Profesional y Ense\u00f1anzas de R\u00e9gimen Especial, por la que se convocan las pruebas de acceso a ciclos formativos de Grado Medio y de Grado Superior de Formaci\u00f3n Profesional del sistema educativo, para el curso 2013-2014, en la Comunidad Aut\u00f3noma de la Regi\u00f3n de Murcia.<\/a><\/p>\n<p style=\"text-align: justify;\">El plazo de solicitudes es del 20 de enero al 9 de febrero\u00a0de 2014, ambos inclusive.<\/p>\n<p style=\"text-align: justify;\">Si deseas m\u00e1s informaci\u00f3n puedes acudir a la web <a href=\"http:\/\/www.llegarasalto.com\/\" target=\"_blank\">www.llegarasalto.com<\/a>\u00a0o consultar a tu tutor o al Departamento de Orientaci\u00f3n.<\/p>\n","protected":false},"excerpt":{"rendered":"<p>Se ha publicado la convocatoria para las PRUEBAS DE ACCESO A CICLOS FORMATIVOS DE GRADO MEDIO Y SUPERIOR en el BORM en la\u00a0Resoluci\u00f3n de 19 de diciembre de 2013, de la Direcci\u00f3n General de Formaci\u00f3n Profesional y Ense\u00f1anzas de R\u00e9gimen Especial, por la que se convocan las pruebas de acceso a ciclos formativos de Grado [&hellip;]<\/p>\n","protected":false},"author":1,"featured_media":0,"comment_status":"closed","ping_status":"open","sticky":false,"template":"","format":"standard","meta":{"footnotes":""},"categories":[1],"tags":[],"class_list":["post-2711","post","type-post","status-publish","format-standard","hentry","category-sin-categoria"],"_links":{"self":[{"href":"https:\/\/www.benarabi.org\/index.php?rest_route=\/wp\/v2\/posts\/2711","targetHints":{"allow":["GET"]}}],"collection":[{"href":"https:\/\/www.benarabi.org\/index.php?rest_route=\/wp\/v2\/posts"}],"about":[{"href":"https:\/\/www.benarabi.org\/index.php?rest_route=\/wp\/v2\/types\/post"}],"author":[{"embeddable":true,"href":"https:\/\/www.benarabi.org\/index.php?rest_route=\/wp\/v2\/users\/1"}],"replies":[{"embeddable":true,"href":"https:\/\/www.benarabi.org\/index.php?rest_route=%2Fwp%2Fv2%2Fcomments&post=2711"}],"version-history":[{"count":2,"href":"https:\/\/www.benarabi.org\/index.php?rest_route=\/wp\/v2\/posts\/2711\/revisions"}],"predecessor-version":[{"id":2716,"href":"https:\/\/www.benarabi.org\/index.php?rest_route=\/wp\/v2\/posts\/2711\/revisions\/2716"}],"wp:attachment":[{"href":"https:\/\/www.benarabi.org\/index.php?rest_route=%2Fwp%2Fv2%2Fmedia&parent=2711"}],"wp:term":[{"taxonomy":"category","embeddable":true,"href":"https:\/\/www.benarabi.org\/index.php?rest_route=%2Fwp%2Fv2%2Fcategories&post=2711"},{"taxonomy":"post_tag","embeddable":true,"href":"https:\/\/www.benarabi.org\/index.php?rest_route=%2Fwp%2Fv2%2Ftags&post=2711"}],"curies":[{"name":"wp","href":"https:\/\/api.w.org\/{rel}","templated":true}]}}