{"id":2772,"date":"2014-02-02T22:38:33","date_gmt":"2014-02-02T21:38:33","guid":{"rendered":"http:\/\/www.benarabi.org\/?p=2772"},"modified":"2014-02-02T22:39:14","modified_gmt":"2014-02-02T21:39:14","slug":"el-ies-ben-arabi-entrega-su-xvi-premio-jacinto-alcaraz-mellado-al-colectivo-la-huertecica","status":"publish","type":"post","link":"https:\/\/www.benarabi.org\/?p=2772","title":{"rendered":"El IES Ben Arab\u00ed entrega su XVI Premio \u201cJacinto Alcaraz Mellado\u201d al Colectivo La Huertecica"},"content":{"rendered":"<p style=\"text-align: justify;\" align=\"center\"><a href=\"http:\/\/www.benarabi.org\/wp-content\/uploads\/2014\/02\/IMAGEN1.jpg\"><img loading=\"lazy\" decoding=\"async\" class=\"alignleft  wp-image-2773\" alt=\"IMAGEN1\" src=\"http:\/\/www.benarabi.org\/wp-content\/uploads\/2014\/02\/IMAGEN1.jpg\" width=\"150\" height=\"100\" srcset=\"https:\/\/www.benarabi.org\/wp-content\/uploads\/2014\/02\/IMAGEN1.jpg 3872w, https:\/\/www.benarabi.org\/wp-content\/uploads\/2014\/02\/IMAGEN1-300x200.jpg 300w, https:\/\/www.benarabi.org\/wp-content\/uploads\/2014\/02\/IMAGEN1-1024x685.jpg 1024w, https:\/\/www.benarabi.org\/wp-content\/uploads\/2014\/02\/IMAGEN1-150x100.jpg 150w\" sizes=\"auto, (max-width: 150px) 100vw, 150px\" \/><\/a>El 30 de enero tuvo lugar el acto de entrega del XVI Premio \u201cJacinto Alcaraz Mellado\u201d a la solidaridad, la tolerancia y la convivencia, que el IES Ben Arab\u00ed viene otorgando desde 1997 ininterrumpidamente.<\/p>\n<p style=\"text-align: justify;\" align=\"center\">En esta edici\u00f3n, El Consejo Escolar del Centro distingui\u00f3 con el galard\u00f3n a la Asociaci\u00f3n Colectivo La Huertecica, que se ha destacado en sus tres d\u00e9cadas de existencia por su labor altruista y solidaria con los drogodependientes de la comarca de Cartagena, encaminada a la reinserci\u00f3n social y laboral de este colectivo desfavorecido.<!--more--><\/p>\n<p style=\"text-align: justify;\">El acto, que se ha celebrado en el Auditorio del Conservatorio de M\u00fasica en el marco de las actividades que el Centro programa con motivo de la festividad escolar de Santo Tom\u00e1s de Aquino, ha contado con la presencia de la Directora General de Ordenaci\u00f3n Educativa y Atenci\u00f3n a la Diversidad de la Consejer\u00eda de Educaci\u00f3n, D\u00aa Mar\u00eda Bego\u00f1a Iniesta Moreno. Al mismo tambi\u00e9n han asistido la junta directiva de la asociaci\u00f3n homenajeada, familiares del profesor que da nombre al premio, y un gran n\u00famero de alumnos, profesores y padres. Todos ellos, pudieron disfrutar, adem\u00e1s de las intervenciones de los distintos invitados, de la proyecci\u00f3n de un video conmemorativo de la evoluci\u00f3n de la entidad premiada y de una actuaci\u00f3n musical a cargo de alumnos del IES Ben Arab\u00ed.<\/p>\n<p style=\"text-align: justify;\">Por \u00faltimo, se present\u00f3 el nuevo cartel correspondiente a la convocatoria de la XVII edici\u00f3n, que arranca precisamente a partir de este momento en la b\u00fasqueda de personas o instituciones que se hayan significado en los valores que este premio pretende fomentar.<\/p>\n<div id='gallery-1' class='gallery galleryid-2772 gallery-columns-3 gallery-size-thumbnail'><figure class='gallery-item'>\n\t\t\t<div class='gallery-icon landscape'>\n\t\t\t\t<a href='https:\/\/www.benarabi.org\/?attachment_id=2774'><img loading=\"lazy\" decoding=\"async\" width=\"141\" height=\"141\" src=\"https:\/\/www.benarabi.org\/wp-content\/uploads\/2014\/02\/IMAGEN4-150x150.jpg\" class=\"attachment-thumbnail size-thumbnail\" alt=\"\" \/><\/a>\n\t\t\t<\/div><\/figure><figure class='gallery-item'>\n\t\t\t<div class='gallery-icon landscape'>\n\t\t\t\t<a href='https:\/\/www.benarabi.org\/?attachment_id=2775'><img loading=\"lazy\" decoding=\"async\" width=\"141\" height=\"141\" src=\"https:\/\/www.benarabi.org\/wp-content\/uploads\/2014\/02\/IMAGEN6-150x150.jpg\" class=\"attachment-thumbnail size-thumbnail\" alt=\"\" \/><\/a>\n\t\t\t<\/div><\/figure><figure class='gallery-item'>\n\t\t\t<div class='gallery-icon landscape'>\n\t\t\t\t<a href='https:\/\/www.benarabi.org\/?attachment_id=2776'><img loading=\"lazy\" decoding=\"async\" width=\"141\" height=\"141\" src=\"https:\/\/www.benarabi.org\/wp-content\/uploads\/2014\/02\/IMAGEN7-150x150.jpg\" class=\"attachment-thumbnail size-thumbnail\" alt=\"\" \/><\/a>\n\t\t\t<\/div><\/figure><figure class='gallery-item'>\n\t\t\t<div class='gallery-icon landscape'>\n\t\t\t\t<a href='https:\/\/www.benarabi.org\/?attachment_id=2777'><img loading=\"lazy\" decoding=\"async\" width=\"141\" height=\"141\" src=\"https:\/\/www.benarabi.org\/wp-content\/uploads\/2014\/02\/IMAGEN5-150x150.jpg\" class=\"attachment-thumbnail size-thumbnail\" alt=\"\" \/><\/a>\n\t\t\t<\/div><\/figure><figure class='gallery-item'>\n\t\t\t<div class='gallery-icon landscape'>\n\t\t\t\t<a href='https:\/\/www.benarabi.org\/?attachment_id=2778'><img loading=\"lazy\" decoding=\"async\" width=\"141\" height=\"141\" src=\"https:\/\/www.benarabi.org\/wp-content\/uploads\/2014\/02\/IMAGEN2-150x150.jpg\" class=\"attachment-thumbnail size-thumbnail\" alt=\"\" \/><\/a>\n\t\t\t<\/div><\/figure><figure class='gallery-item'>\n\t\t\t<div class='gallery-icon landscape'>\n\t\t\t\t<a href='https:\/\/www.benarabi.org\/?attachment_id=2779'><img loading=\"lazy\" decoding=\"async\" width=\"141\" height=\"141\" src=\"https:\/\/www.benarabi.org\/wp-content\/uploads\/2014\/02\/IMAGEN3-150x150.jpg\" class=\"attachment-thumbnail size-thumbnail\" alt=\"\" \/><\/a>\n\t\t\t<\/div><\/figure><figure class='gallery-item'>\n\t\t\t<div class='gallery-icon landscape'>\n\t\t\t\t<a href='https:\/\/www.benarabi.org\/?attachment_id=2773'><img loading=\"lazy\" decoding=\"async\" width=\"141\" height=\"141\" src=\"https:\/\/www.benarabi.org\/wp-content\/uploads\/2014\/02\/IMAGEN1-150x150.jpg\" class=\"attachment-thumbnail size-thumbnail\" alt=\"\" \/><\/a>\n\t\t\t<\/div><\/figure>\n\t\t<\/div>\n\n","protected":false},"excerpt":{"rendered":"<p>El 30 de enero tuvo lugar el acto de entrega del XVI Premio \u201cJacinto Alcaraz Mellado\u201d a la solidaridad, la tolerancia y la convivencia, que el IES Ben Arab\u00ed viene otorgando desde 1997 ininterrumpidamente. En esta edici\u00f3n, El Consejo Escolar del Centro distingui\u00f3 con el galard\u00f3n a la Asociaci\u00f3n Colectivo La Huertecica, que se ha [&hellip;]<\/p>\n","protected":false},"author":1,"featured_media":0,"comment_status":"closed","ping_status":"open","sticky":false,"template":"","format":"standard","meta":{"footnotes":""},"categories":[1],"tags":[],"class_list":["post-2772","post","type-post","status-publish","format-standard","hentry","category-sin-categoria"],"_links":{"self":[{"href":"https:\/\/www.benarabi.org\/index.php?rest_route=\/wp\/v2\/posts\/2772","targetHints":{"allow":["GET"]}}],"collection":[{"href":"https:\/\/www.benarabi.org\/index.php?rest_route=\/wp\/v2\/posts"}],"about":[{"href":"https:\/\/www.benarabi.org\/index.php?rest_route=\/wp\/v2\/types\/post"}],"author":[{"embeddable":true,"href":"https:\/\/www.benarabi.org\/index.php?rest_route=\/wp\/v2\/users\/1"}],"replies":[{"embeddable":true,"href":"https:\/\/www.benarabi.org\/index.php?rest_route=%2Fwp%2Fv2%2Fcomments&post=2772"}],"version-history":[{"count":2,"href":"https:\/\/www.benarabi.org\/index.php?rest_route=\/wp\/v2\/posts\/2772\/revisions"}],"predecessor-version":[{"id":2781,"href":"https:\/\/www.benarabi.org\/index.php?rest_route=\/wp\/v2\/posts\/2772\/revisions\/2781"}],"wp:attachment":[{"href":"https:\/\/www.benarabi.org\/index.php?rest_route=%2Fwp%2Fv2%2Fmedia&parent=2772"}],"wp:term":[{"taxonomy":"category","embeddable":true,"href":"https:\/\/www.benarabi.org\/index.php?rest_route=%2Fwp%2Fv2%2Fcategories&post=2772"},{"taxonomy":"post_tag","embeddable":true,"href":"https:\/\/www.benarabi.org\/index.php?rest_route=%2Fwp%2Fv2%2Ftags&post=2772"}],"curies":[{"name":"wp","href":"https:\/\/api.w.org\/{rel}","templated":true}]}}