{"id":2783,"date":"2014-02-05T23:51:49","date_gmt":"2014-02-05T22:51:49","guid":{"rendered":"http:\/\/www.benarabi.org\/?p=2783"},"modified":"2014-02-14T12:17:27","modified_gmt":"2014-02-14T11:17:27","slug":"charla-alimentacion-y-salud-por-una-alimentacion-saludable","status":"publish","type":"post","link":"https:\/\/www.benarabi.org\/?p=2783","title":{"rendered":"Charla \u201cAlimentaci\u00f3n y salud\u201d: por una alimentaci\u00f3n saludable"},"content":{"rendered":"<p style=\"text-align: justify;\"><a href=\"http:\/\/www.benarabi.org\/wp-content\/uploads\/2014\/02\/imagen1-1.jpg\"><img loading=\"lazy\" decoding=\"async\" class=\"alignleft  wp-image-2785\" alt=\"imagen1 (1)\" src=\"http:\/\/www.benarabi.org\/wp-content\/uploads\/2014\/02\/imagen1-1.jpg\" width=\"150\" height=\"92\" \/><\/a>El mi\u00e9rcoles 12 de febrero, a las 17:00 horas, se va a realizar una charla dirigida a padres y profesorado del instituto, con el objeto de que ense\u00f1en a sus hijos\/alumnos a adoptar h\u00e1bitos de alimentaci\u00f3n saludable, conozcan las enfermedades relacionadas con una alimentaci\u00f3n inadecuada y los h\u00e1bitos de alimentaci\u00f3n poco saludables que se dan con frecuencia en las sociedades desarrolladas.<\/p>\n<p style=\"text-align: justify;\">La actividad se llevar\u00e1 a cabo en la biblioteca del centro, siendo la asistencia libre.<\/p>\n<p style=\"text-align: justify;\">Dicha charla se encuentra enmarcada en el Programa de Educaci\u00f3n para la Salud y ser\u00e1 impartida por Rosa Guti\u00e9rrez Aranda, profesora de Biolog\u00eda y Geolog\u00eda de IES. Ben Arab\u00ed.<\/p>\n<p style=\"text-align: justify;\">Si quieres conocer el programa de la actividad, <a href=\"http:\/\/www.benarabi.org\/wp-content\/uploads\/2014\/02\/CHARLA-ALIMENTACI\u00d3N-Y-SALUD.pdf\">pincha aqu\u00ed<\/a>.<\/p>\n","protected":false},"excerpt":{"rendered":"<p>El mi\u00e9rcoles 12 de febrero, a las 17:00 horas, se va a realizar una charla dirigida a padres y profesorado del instituto, con el objeto de que ense\u00f1en a sus hijos\/alumnos a adoptar h\u00e1bitos de alimentaci\u00f3n saludable, conozcan las enfermedades relacionadas con una alimentaci\u00f3n inadecuada y los h\u00e1bitos de alimentaci\u00f3n poco saludables que se dan [&hellip;]<\/p>\n","protected":false},"author":1,"featured_media":0,"comment_status":"closed","ping_status":"open","sticky":false,"template":"","format":"standard","meta":{"footnotes":""},"categories":[1],"tags":[],"class_list":["post-2783","post","type-post","status-publish","format-standard","hentry","category-sin-categoria"],"_links":{"self":[{"href":"https:\/\/www.benarabi.org\/index.php?rest_route=\/wp\/v2\/posts\/2783","targetHints":{"allow":["GET"]}}],"collection":[{"href":"https:\/\/www.benarabi.org\/index.php?rest_route=\/wp\/v2\/posts"}],"about":[{"href":"https:\/\/www.benarabi.org\/index.php?rest_route=\/wp\/v2\/types\/post"}],"author":[{"embeddable":true,"href":"https:\/\/www.benarabi.org\/index.php?rest_route=\/wp\/v2\/users\/1"}],"replies":[{"embeddable":true,"href":"https:\/\/www.benarabi.org\/index.php?rest_route=%2Fwp%2Fv2%2Fcomments&post=2783"}],"version-history":[{"count":1,"href":"https:\/\/www.benarabi.org\/index.php?rest_route=\/wp\/v2\/posts\/2783\/revisions"}],"predecessor-version":[{"id":2786,"href":"https:\/\/www.benarabi.org\/index.php?rest_route=\/wp\/v2\/posts\/2783\/revisions\/2786"}],"wp:attachment":[{"href":"https:\/\/www.benarabi.org\/index.php?rest_route=%2Fwp%2Fv2%2Fmedia&parent=2783"}],"wp:term":[{"taxonomy":"category","embeddable":true,"href":"https:\/\/www.benarabi.org\/index.php?rest_route=%2Fwp%2Fv2%2Fcategories&post=2783"},{"taxonomy":"post_tag","embeddable":true,"href":"https:\/\/www.benarabi.org\/index.php?rest_route=%2Fwp%2Fv2%2Ftags&post=2783"}],"curies":[{"name":"wp","href":"https:\/\/api.w.org\/{rel}","templated":true}]}}