{"id":2790,"date":"2014-02-05T23:58:52","date_gmt":"2014-02-05T22:58:52","guid":{"rendered":"http:\/\/www.benarabi.org\/?p=2790"},"modified":"2014-02-06T00:02:07","modified_gmt":"2014-02-05T23:02:07","slug":"pruebas-anuales-de-materias-pendientes-en-eso","status":"publish","type":"post","link":"https:\/\/www.benarabi.org\/?p=2790","title":{"rendered":"Pruebas anuales de materias pendientes en ESO"},"content":{"rendered":"<p style=\"text-align: justify;\"><a href=\"http:\/\/www.benarabi.org\/wp-content\/uploads\/2014\/02\/imagen1.gif\"><img loading=\"lazy\" decoding=\"async\" class=\"alignleft size-full wp-image-2793\" alt=\"imagen1\" src=\"http:\/\/www.benarabi.org\/wp-content\/uploads\/2014\/02\/imagen1.gif\" width=\"100\" height=\"60\" \/><\/a>Aquellos alumnos que no hayan obtenido el t\u00edtulo de Graduado en Educaci\u00f3n Secundaria Obligatoria, deban abandonar la escolarizaci\u00f3n ordinaria por tener la edad m\u00e1xima permitida y cuenten con un n\u00famero l\u00edmite de cinco materias pendientes de calificaci\u00f3n positiva, dispondr\u00e1n de una <b>convocatoria anual de pruebas<\/b> para superar dichas materias los dos a\u00f1os siguientes a la finalizaci\u00f3n de su escolarizaci\u00f3n.<\/p>\n<p style=\"text-align: justify;\">El plazo de <b>presentaci\u00f3n de solicitudes<\/b> se extender\u00e1 del <b>1 al 15 de febrero<\/b>.<\/p>\n<p style=\"text-align: justify;\">Si quieres conocer la <b>resoluci\u00f3n<\/b> de 6 de marzo de 2009,\u00a0<a href=\"http:\/\/www.benarabi.org\/wp-content\/uploads\/2014\/02\/35712-Resoluci\u00f3n-6-de-marzo-2009-pruebas-anuales-materias-pendientes.pdf\">pincha aqu\u00ed<\/a>.<\/p>\n<p style=\"text-align: justify;\">Si quieres imprimir el <b>anexo I<\/b> de solicitud,\u00a0<a href=\"http:\/\/www.benarabi.org\/wp-content\/uploads\/2014\/02\/ANEXO-I.doc\">pincha aqu\u00ed.<\/a><\/p>\n<p style=\"text-align: justify;\"><b><span style=\"text-decoration: underline;\"><!--more-->Instrucciones:<\/span><\/b><\/p>\n<p style=\"text-align: justify;\"><b>Primero. <\/b>Los interesados podr\u00e1n solicitar la realizaci\u00f3n de estas pruebas durante los dos a\u00f1os siguientes a la finalizaci\u00f3n de su escolarizaci\u00f3n, siempre y cuando cumplan los siguientes requisitos:<\/p>\n<p style=\"text-align: justify;\">1. Que sean mayores de 18 a\u00f1os.<\/p>\n<p style=\"text-align: justify;\">2. Que tengan hasta un m\u00e1ximo de cinco materias pendientes de evaluaci\u00f3n positiva en Educaci\u00f3n secundaria obligatoria. A tal efecto, cada \u00e1mbito del Programa de Diversificaci\u00f3n Curricular computar\u00e1 seg\u00fan el n\u00famero de materias que engloba.<\/p>\n<p style=\"text-align: justify;\">3. Que no est\u00e9n matriculados en otra modalidad de ense\u00f1anza que conduzca a la misma titulaci\u00f3n.<\/p>\n<p style=\"text-align: justify;\"><b>\u00a0<\/b><b>Segundo. <\/b>Las pruebas se realizar\u00e1n en el mismo centro donde el solicitante curs\u00f3, en r\u00e9gimen ordinario, 4\u00ba de Educaci\u00f3n Secundaria Obligatoria o 2\u00ba de un Programa de Diversificaci\u00f3n Curricular. La solicitud se presentar\u00e1 en dicho centro y se ajustar\u00e1 al modelo que se recoge como Anexo I. El plazo de presentaci\u00f3n de solicitudes, que deber\u00e1 estar expuesto en el tabl\u00f3n de anuncios del centro, se extender\u00e1 entre los d\u00edas 1 y 15 de febrero de cada a\u00f1o.<\/p>\n","protected":false},"excerpt":{"rendered":"<p>Aquellos alumnos que no hayan obtenido el t\u00edtulo de Graduado en Educaci\u00f3n Secundaria Obligatoria, deban abandonar la escolarizaci\u00f3n ordinaria por tener la edad m\u00e1xima permitida y cuenten con un n\u00famero l\u00edmite de cinco materias pendientes de calificaci\u00f3n positiva, dispondr\u00e1n de una convocatoria anual de pruebas para superar dichas materias los dos a\u00f1os siguientes a la [&hellip;]<\/p>\n","protected":false},"author":1,"featured_media":0,"comment_status":"closed","ping_status":"open","sticky":false,"template":"","format":"standard","meta":{"footnotes":""},"categories":[1],"tags":[],"class_list":["post-2790","post","type-post","status-publish","format-standard","hentry","category-sin-categoria"],"_links":{"self":[{"href":"https:\/\/www.benarabi.org\/index.php?rest_route=\/wp\/v2\/posts\/2790","targetHints":{"allow":["GET"]}}],"collection":[{"href":"https:\/\/www.benarabi.org\/index.php?rest_route=\/wp\/v2\/posts"}],"about":[{"href":"https:\/\/www.benarabi.org\/index.php?rest_route=\/wp\/v2\/types\/post"}],"author":[{"embeddable":true,"href":"https:\/\/www.benarabi.org\/index.php?rest_route=\/wp\/v2\/users\/1"}],"replies":[{"embeddable":true,"href":"https:\/\/www.benarabi.org\/index.php?rest_route=%2Fwp%2Fv2%2Fcomments&post=2790"}],"version-history":[{"count":3,"href":"https:\/\/www.benarabi.org\/index.php?rest_route=\/wp\/v2\/posts\/2790\/revisions"}],"predecessor-version":[{"id":2796,"href":"https:\/\/www.benarabi.org\/index.php?rest_route=\/wp\/v2\/posts\/2790\/revisions\/2796"}],"wp:attachment":[{"href":"https:\/\/www.benarabi.org\/index.php?rest_route=%2Fwp%2Fv2%2Fmedia&parent=2790"}],"wp:term":[{"taxonomy":"category","embeddable":true,"href":"https:\/\/www.benarabi.org\/index.php?rest_route=%2Fwp%2Fv2%2Fcategories&post=2790"},{"taxonomy":"post_tag","embeddable":true,"href":"https:\/\/www.benarabi.org\/index.php?rest_route=%2Fwp%2Fv2%2Ftags&post=2790"}],"curies":[{"name":"wp","href":"https:\/\/api.w.org\/{rel}","templated":true}]}}