{"id":2899,"date":"2014-04-03T11:45:29","date_gmt":"2014-04-03T09:45:29","guid":{"rendered":"http:\/\/www.benarabi.org\/?p=2899"},"modified":"2014-04-03T12:14:42","modified_gmt":"2014-04-03T10:14:42","slug":"resolucion-provisional-de-exenciones-por-experiencia-laboral-y-acreditacion-academica-para-las-pruebas-de-acceso-a-ciclos-formativos-2014","status":"publish","type":"post","link":"https:\/\/www.benarabi.org\/?p=2899","title":{"rendered":"Resoluci\u00f3n Provisional de exenciones por experiencia laboral y acreditaci\u00f3n acad\u00e9mica para las Pruebas de acceso a Ciclos Formativos 2014"},"content":{"rendered":"<p style=\"text-align: justify;\"><a href=\"http:\/\/www.benarabi.org\/wp-content\/uploads\/2014\/01\/imagen11.jpg\"><img loading=\"lazy\" decoding=\"async\" class=\"alignleft  wp-image-2712\" alt=\"imagen1\" src=\"http:\/\/www.benarabi.org\/wp-content\/uploads\/2014\/01\/imagen11.jpg\" width=\"150\" height=\"165\" \/><\/a>Han salido publicado los listados provisionales de exenciones por experiencia laboral y acreditaci\u00f3n acad\u00e9mica de los solicitantes correspondientes en nuestro centro.<\/p>\n<p style=\"text-align: justify;\">Estos listados tambi\u00e9n se pueden consultar\u00a0 en la p\u00e1gina web de la Consejer\u00eda de Educaci\u00f3n, Universidades y Empleo dentro del \u00e1rea tem\u00e1tica de Formaci\u00f3n Profesional en el enlace \u201cPruebas de acceso a Ciclos Formativos\u00a02014\u201d.<\/p>\n<p style=\"text-align: justify;\">Las reclamaciones relativas a acreditaci\u00f3n acad\u00e9mica para la prueba de grado superior, se presentar\u00e1n en la secretar\u00eda del centro.<\/p>\n<p style=\"text-align: justify;\">Las reclamaciones relativas a experiencia laboral se presentar\u00e1n en el registro de la Consejer\u00eda de Educaci\u00f3n, Universidades y Empleo, mediante escrito dirigido al Presidente de la comisi\u00f3n de valoraci\u00f3n.<\/p>\n<p style=\"text-align: justify;\">El plazo establecido es del 2 al 7 de abril, ambos inclusive.<\/p>\n<p style=\"text-align: justify;\"><a href=\"http:\/\/www.benarabi.org\/wp-content\/uploads\/2014\/04\/esenciones.pdf\">Si quieres ver el listado, pincha aqu\u00ed<\/a>.<\/p>\n","protected":false},"excerpt":{"rendered":"<p>Han salido publicado los listados provisionales de exenciones por experiencia laboral y acreditaci\u00f3n acad\u00e9mica de los solicitantes correspondientes en nuestro centro. Estos listados tambi\u00e9n se pueden consultar\u00a0 en la p\u00e1gina web de la Consejer\u00eda de Educaci\u00f3n, Universidades y Empleo dentro del \u00e1rea tem\u00e1tica de Formaci\u00f3n Profesional en el enlace \u201cPruebas de acceso a Ciclos Formativos\u00a02014\u201d. [&hellip;]<\/p>\n","protected":false},"author":1,"featured_media":0,"comment_status":"closed","ping_status":"open","sticky":false,"template":"","format":"standard","meta":{"footnotes":""},"categories":[1],"tags":[],"class_list":["post-2899","post","type-post","status-publish","format-standard","hentry","category-sin-categoria"],"_links":{"self":[{"href":"https:\/\/www.benarabi.org\/index.php?rest_route=\/wp\/v2\/posts\/2899","targetHints":{"allow":["GET"]}}],"collection":[{"href":"https:\/\/www.benarabi.org\/index.php?rest_route=\/wp\/v2\/posts"}],"about":[{"href":"https:\/\/www.benarabi.org\/index.php?rest_route=\/wp\/v2\/types\/post"}],"author":[{"embeddable":true,"href":"https:\/\/www.benarabi.org\/index.php?rest_route=\/wp\/v2\/users\/1"}],"replies":[{"embeddable":true,"href":"https:\/\/www.benarabi.org\/index.php?rest_route=%2Fwp%2Fv2%2Fcomments&post=2899"}],"version-history":[{"count":1,"href":"https:\/\/www.benarabi.org\/index.php?rest_route=\/wp\/v2\/posts\/2899\/revisions"}],"predecessor-version":[{"id":2901,"href":"https:\/\/www.benarabi.org\/index.php?rest_route=\/wp\/v2\/posts\/2899\/revisions\/2901"}],"wp:attachment":[{"href":"https:\/\/www.benarabi.org\/index.php?rest_route=%2Fwp%2Fv2%2Fmedia&parent=2899"}],"wp:term":[{"taxonomy":"category","embeddable":true,"href":"https:\/\/www.benarabi.org\/index.php?rest_route=%2Fwp%2Fv2%2Fcategories&post=2899"},{"taxonomy":"post_tag","embeddable":true,"href":"https:\/\/www.benarabi.org\/index.php?rest_route=%2Fwp%2Fv2%2Ftags&post=2899"}],"curies":[{"name":"wp","href":"https:\/\/api.w.org\/{rel}","templated":true}]}}