{"id":2921,"date":"2014-04-28T08:23:18","date_gmt":"2014-04-28T06:23:18","guid":{"rendered":"http:\/\/www.benarabi.org\/?p=2921"},"modified":"2014-04-28T08:24:37","modified_gmt":"2014-04-28T06:24:37","slug":"2921","status":"publish","type":"post","link":"https:\/\/www.benarabi.org\/?p=2921","title":{"rendered":"II Festival de M\u00fasica y Danza del IES Ben Arab\u00ed"},"content":{"rendered":"<p style=\"text-align: justify;\"><a href=\"http:\/\/www.benarabi.org\/wp-content\/uploads\/2014\/04\/musica-y-danza.jpg\"><img loading=\"lazy\" decoding=\"async\" class=\"alignleft  wp-image-2923\" alt=\"musica y danza\" src=\"http:\/\/www.benarabi.org\/wp-content\/uploads\/2014\/04\/musica-y-danza.jpg\" width=\"150\" height=\"110\" \/><\/a>Del 28 de abril al 29 de Mayo, durante dos recreos por semana, nuestros alumnos realizar\u00e1n recitales de m\u00fasica y danza. Esta actividad est\u00e1 organizada por los departamentos de M\u00fasica y Educaci\u00f3n F\u00edsica, coordinados por el Departamento de Actividades Extraescolares.<\/p>\n<p style=\"text-align: justify;\">Si quieres ver el programa de la actividad, <a href=\"http:\/\/www.benarabi.org\/wp-content\/uploads\/2014\/04\/programa-II-FESTIVAL-M\u00daSICA-Y-DANZA-IES-BEN-ARAB\u00cd.doc\">pincha aqu\u00ed.<\/a><\/p>\n","protected":false},"excerpt":{"rendered":"<p>Del 28 de abril al 29 de Mayo, durante dos recreos por semana, nuestros alumnos realizar\u00e1n recitales de m\u00fasica y danza. Esta actividad est\u00e1 organizada por los departamentos de M\u00fasica y Educaci\u00f3n F\u00edsica, coordinados por el Departamento de Actividades Extraescolares. Si quieres ver el programa de la actividad, pincha aqu\u00ed.<\/p>\n","protected":false},"author":1,"featured_media":0,"comment_status":"closed","ping_status":"open","sticky":false,"template":"","format":"standard","meta":{"footnotes":""},"categories":[1],"tags":[],"class_list":["post-2921","post","type-post","status-publish","format-standard","hentry","category-sin-categoria"],"_links":{"self":[{"href":"https:\/\/www.benarabi.org\/index.php?rest_route=\/wp\/v2\/posts\/2921","targetHints":{"allow":["GET"]}}],"collection":[{"href":"https:\/\/www.benarabi.org\/index.php?rest_route=\/wp\/v2\/posts"}],"about":[{"href":"https:\/\/www.benarabi.org\/index.php?rest_route=\/wp\/v2\/types\/post"}],"author":[{"embeddable":true,"href":"https:\/\/www.benarabi.org\/index.php?rest_route=\/wp\/v2\/users\/1"}],"replies":[{"embeddable":true,"href":"https:\/\/www.benarabi.org\/index.php?rest_route=%2Fwp%2Fv2%2Fcomments&post=2921"}],"version-history":[{"count":3,"href":"https:\/\/www.benarabi.org\/index.php?rest_route=\/wp\/v2\/posts\/2921\/revisions"}],"predecessor-version":[{"id":2926,"href":"https:\/\/www.benarabi.org\/index.php?rest_route=\/wp\/v2\/posts\/2921\/revisions\/2926"}],"wp:attachment":[{"href":"https:\/\/www.benarabi.org\/index.php?rest_route=%2Fwp%2Fv2%2Fmedia&parent=2921"}],"wp:term":[{"taxonomy":"category","embeddable":true,"href":"https:\/\/www.benarabi.org\/index.php?rest_route=%2Fwp%2Fv2%2Fcategories&post=2921"},{"taxonomy":"post_tag","embeddable":true,"href":"https:\/\/www.benarabi.org\/index.php?rest_route=%2Fwp%2Fv2%2Ftags&post=2921"}],"curies":[{"name":"wp","href":"https:\/\/api.w.org\/{rel}","templated":true}]}}