{"id":2927,"date":"2014-04-28T12:17:27","date_gmt":"2014-04-28T10:17:27","guid":{"rendered":"http:\/\/www.benarabi.org\/?p=2927"},"modified":"2014-04-28T12:17:35","modified_gmt":"2014-04-28T10:17:35","slug":"pruebas-de-diagnostico-curso-escolar-20132014","status":"publish","type":"post","link":"https:\/\/www.benarabi.org\/?p=2927","title":{"rendered":"Pruebas de diagn\u00f3stico curso escolar 2013\/2014"},"content":{"rendered":"<p style=\"text-align: justify;\"><a href=\"http:\/\/www.benarabi.org\/wp-content\/uploads\/2014\/04\/imagen1-1.jpg\"><img loading=\"lazy\" decoding=\"async\" class=\"alignleft  wp-image-2928\" alt=\"imagen1 (1)\" src=\"http:\/\/www.benarabi.org\/wp-content\/uploads\/2014\/04\/imagen1-1.jpg\" width=\"150\" height=\"75\" \/><\/a>La evaluaci\u00f3n de diagn\u00f3stico del alumnado de 2\u00ba ESO se efectuar\u00e1 el pr\u00f3ximo 14 de mayo.<\/p>\n<p style=\"text-align: justify;\">Ser\u00e1 evaluada la competencia en comunicaci\u00f3n ling\u00fc\u00edstica. La prueba consta de dos partes, una de comunicaci\u00f3n ling\u00fc\u00edstica en lengua castellana y otra de comunicaci\u00f3n ling\u00fc\u00edstica en lengua inglesa.<\/p>\n<p style=\"text-align: justify;\">El Servicio de Evaluaci\u00f3n y Calidad Educativa ha publicado el marco te\u00f3rico de la competencia a evaluar que ha servido de referencia para la elaboraci\u00f3n de la prueba, as\u00ed como los horarios, materiales de apoyo para la difusi\u00f3n,\u2026<\/p>\n<p style=\"text-align: justify;\">Si quieres conocer esta informaci\u00f3n, <a href=\"http:\/\/www.educarm.es\/calidad-educativa\" target=\"_blank\">pincha aqu\u00ed<\/a>.<\/p>\n","protected":false},"excerpt":{"rendered":"<p>La evaluaci\u00f3n de diagn\u00f3stico del alumnado de 2\u00ba ESO se efectuar\u00e1 el pr\u00f3ximo 14 de mayo. Ser\u00e1 evaluada la competencia en comunicaci\u00f3n ling\u00fc\u00edstica. La prueba consta de dos partes, una de comunicaci\u00f3n ling\u00fc\u00edstica en lengua castellana y otra de comunicaci\u00f3n ling\u00fc\u00edstica en lengua inglesa. El Servicio de Evaluaci\u00f3n y Calidad Educativa ha publicado el marco [&hellip;]<\/p>\n","protected":false},"author":1,"featured_media":0,"comment_status":"closed","ping_status":"open","sticky":false,"template":"","format":"standard","meta":{"footnotes":""},"categories":[1],"tags":[],"class_list":["post-2927","post","type-post","status-publish","format-standard","hentry","category-sin-categoria"],"_links":{"self":[{"href":"https:\/\/www.benarabi.org\/index.php?rest_route=\/wp\/v2\/posts\/2927","targetHints":{"allow":["GET"]}}],"collection":[{"href":"https:\/\/www.benarabi.org\/index.php?rest_route=\/wp\/v2\/posts"}],"about":[{"href":"https:\/\/www.benarabi.org\/index.php?rest_route=\/wp\/v2\/types\/post"}],"author":[{"embeddable":true,"href":"https:\/\/www.benarabi.org\/index.php?rest_route=\/wp\/v2\/users\/1"}],"replies":[{"embeddable":true,"href":"https:\/\/www.benarabi.org\/index.php?rest_route=%2Fwp%2Fv2%2Fcomments&post=2927"}],"version-history":[{"count":3,"href":"https:\/\/www.benarabi.org\/index.php?rest_route=\/wp\/v2\/posts\/2927\/revisions"}],"predecessor-version":[{"id":2931,"href":"https:\/\/www.benarabi.org\/index.php?rest_route=\/wp\/v2\/posts\/2927\/revisions\/2931"}],"wp:attachment":[{"href":"https:\/\/www.benarabi.org\/index.php?rest_route=%2Fwp%2Fv2%2Fmedia&parent=2927"}],"wp:term":[{"taxonomy":"category","embeddable":true,"href":"https:\/\/www.benarabi.org\/index.php?rest_route=%2Fwp%2Fv2%2Fcategories&post=2927"},{"taxonomy":"post_tag","embeddable":true,"href":"https:\/\/www.benarabi.org\/index.php?rest_route=%2Fwp%2Fv2%2Ftags&post=2927"}],"curies":[{"name":"wp","href":"https:\/\/api.w.org\/{rel}","templated":true}]}}