{"id":2960,"date":"2014-05-16T12:14:49","date_gmt":"2014-05-16T10:14:49","guid":{"rendered":"http:\/\/www.benarabi.org\/?p=2960"},"modified":"2014-05-29T21:45:13","modified_gmt":"2014-05-29T19:45:13","slug":"acto-de-graduacion-de-2o-bachillerato","status":"publish","type":"post","link":"https:\/\/www.benarabi.org\/?p=2960","title":{"rendered":"Acto de Graduaci\u00f3n de 2\u00ba Bachillerato"},"content":{"rendered":"<p style=\"text-align: justify;\"><a href=\"http:\/\/www.benarabi.org\/wp-content\/uploads\/2014\/05\/imagen1.jpg\"><img loading=\"lazy\" decoding=\"async\" class=\"alignleft wp-image-2961 size-thumbnail\" src=\"http:\/\/www.benarabi.org\/wp-content\/uploads\/2014\/05\/imagen1-150x150.jpg\" alt=\"imagen1\" width=\"150\" height=\"150\" srcset=\"https:\/\/www.benarabi.org\/wp-content\/uploads\/2014\/05\/imagen1-150x150.jpg 150w, https:\/\/www.benarabi.org\/wp-content\/uploads\/2014\/05\/imagen1-300x300.jpg 300w, https:\/\/www.benarabi.org\/wp-content\/uploads\/2014\/05\/imagen1-1024x1024.jpg 1024w, https:\/\/www.benarabi.org\/wp-content\/uploads\/2014\/05\/imagen1.jpg 1200w\" sizes=\"auto, (max-width: 150px) 100vw, 150px\" \/><\/a>Este a\u00f1o, como en cursos anteriores, hemos organizado un acto de graduaci\u00f3n de los alumnos de 2\u00ba de Bachillerato, que finalizan sus estudios en nuestro Centro. Su objetivo es la despedida a esta promoci\u00f3n, que ha permanecido entre nosotros a lo largo de seis a\u00f1os y tendr\u00e1 lugar en el vest\u00edbulo del Instituto el <strong>viernes 30 de mayo<\/strong> a las 19.30 horas. Es un acto abierto a todos los miembros de la Comunidad Educativa, y estar\u00edamos encantados si los padres y familiares de los alumnos estuvieran presentes durante el mismo, para acompa\u00f1ar a sus hijos en este momento tan especial y poder disfrutar de una ceremonia tan emotiva.<\/p>\n<p style=\"text-align: justify;\">Esperamos contar con la presencia de alumnos, familiares, as\u00ed como de los profesores que les han acompa\u00f1ado durante estos a\u00f1os en el IES Ben Arab\u00ed.<\/p>\n<p style=\"text-align: justify;\">Os esperamos a todos.<\/p>\n","protected":false},"excerpt":{"rendered":"<p>Este a\u00f1o, como en cursos anteriores, hemos organizado un acto de graduaci\u00f3n de los alumnos de 2\u00ba de Bachillerato, que finalizan sus estudios en nuestro Centro. Su objetivo es la despedida a esta promoci\u00f3n, que ha permanecido entre nosotros a lo largo de seis a\u00f1os y tendr\u00e1 lugar en el vest\u00edbulo del Instituto el viernes [&hellip;]<\/p>\n","protected":false},"author":1,"featured_media":0,"comment_status":"closed","ping_status":"open","sticky":false,"template":"","format":"standard","meta":{"footnotes":""},"categories":[1],"tags":[],"class_list":["post-2960","post","type-post","status-publish","format-standard","hentry","category-sin-categoria"],"_links":{"self":[{"href":"https:\/\/www.benarabi.org\/index.php?rest_route=\/wp\/v2\/posts\/2960","targetHints":{"allow":["GET"]}}],"collection":[{"href":"https:\/\/www.benarabi.org\/index.php?rest_route=\/wp\/v2\/posts"}],"about":[{"href":"https:\/\/www.benarabi.org\/index.php?rest_route=\/wp\/v2\/types\/post"}],"author":[{"embeddable":true,"href":"https:\/\/www.benarabi.org\/index.php?rest_route=\/wp\/v2\/users\/1"}],"replies":[{"embeddable":true,"href":"https:\/\/www.benarabi.org\/index.php?rest_route=%2Fwp%2Fv2%2Fcomments&post=2960"}],"version-history":[{"count":1,"href":"https:\/\/www.benarabi.org\/index.php?rest_route=\/wp\/v2\/posts\/2960\/revisions"}],"predecessor-version":[{"id":2962,"href":"https:\/\/www.benarabi.org\/index.php?rest_route=\/wp\/v2\/posts\/2960\/revisions\/2962"}],"wp:attachment":[{"href":"https:\/\/www.benarabi.org\/index.php?rest_route=%2Fwp%2Fv2%2Fmedia&parent=2960"}],"wp:term":[{"taxonomy":"category","embeddable":true,"href":"https:\/\/www.benarabi.org\/index.php?rest_route=%2Fwp%2Fv2%2Fcategories&post=2960"},{"taxonomy":"post_tag","embeddable":true,"href":"https:\/\/www.benarabi.org\/index.php?rest_route=%2Fwp%2Fv2%2Ftags&post=2960"}],"curies":[{"name":"wp","href":"https:\/\/api.w.org\/{rel}","templated":true}]}}