{"id":2964,"date":"2014-05-19T13:57:17","date_gmt":"2014-05-19T11:57:17","guid":{"rendered":"http:\/\/www.benarabi.org\/?p=2964"},"modified":"2014-05-19T13:57:17","modified_gmt":"2014-05-19T11:57:17","slug":"convenio-de-colaboracion-del-ies-ben-arabi-con-la-fundacion-cultural-miguel-hernandez","status":"publish","type":"post","link":"https:\/\/www.benarabi.org\/?p=2964","title":{"rendered":"Convenio de colaboraci\u00f3n del IES Ben Arab\u00ed con la Fundaci\u00f3n Cultural Miguel Hern\u00e1ndez"},"content":{"rendered":"<p style=\"text-align: justify;\"><a href=\"http:\/\/www.benarabi.org\/wp-content\/uploads\/2014\/05\/imagen11.jpg\"><img loading=\"lazy\" decoding=\"async\" class=\"alignleft wp-image-2965 size-full\" src=\"http:\/\/www.benarabi.org\/wp-content\/uploads\/2014\/05\/imagen11-e1400500582739.jpg\" alt=\"imagen1\" width=\"150\" height=\"53\" \/><\/a>El pasado 28 de febrero, con la aprobaci\u00f3n previa del Claustro de Profesores y Consejo Escolar del IES Ben Arab\u00ed, \u00a0se firm\u00f3 un convenio de colaboraci\u00f3n con la Fundaci\u00f3n Cultural Miguel Hern\u00e1ndez.<\/p>\n<p style=\"text-align: justify;\">La Fundaci\u00f3n Cultural Miguel Hern\u00e1ndez fue constituida para preservar\u00a0 el recuerdo y la memoria de la obra del poeta Miguel Hern\u00e1ndez. Entre sus objetivos est\u00e1n: fomentar el conocimiento y difusi\u00f3n de su obra as\u00ed como promocionar, desarrollar y proteger estudios, investigaciones y publicaciones sobre el poeta y su \u00e9poca, desde una perspectiva interdisciplinar, que abarca la literatura, la historia, la sociedad y la pol\u00edtica.<!--more--><\/p>\n<p style=\"text-align: justify;\">Con este convenio de colaboraci\u00f3n, el IES. Ben Arab\u00ed constituir\u00e1 un aula que se denominar\u00e1 \u201cAula Miguel Hern\u00e1ndez\u201d, a trav\u00e9s del cual se gestionar\u00e1n todas las acciones que anualmente se realizar\u00e1n en el Centro en torno a la figura y la obra de Miguel Hern\u00e1ndez, como la realizaci\u00f3n de concursos literarios o art\u00edsticos, la organizaci\u00f3n de conferencias o charlas dirigidas al alumnado sobre el autor o el estudio y la publicaci\u00f3n de aquellos materiales que la Comunidad Educativa del centro\u00a0 pudiera realizar.<\/p>\n<p style=\"text-align: justify;\">Por otro lado, la Fundaci\u00f3n Cultural Miguel Hern\u00e1ndez facilitar\u00e1 en la medida de lo posible la presencia en el IES de ponentes o conferenciantes sobre Miguel Hern\u00e1ndez en aquellos actos que se organicen en el Centro y pondr\u00e1 a disposici\u00f3n de la comunidad educativa del IES Ben Arab\u00ed los medios y recursos de que disponga para la publicaci\u00f3n de art\u00edculos o la realizaci\u00f3n de visitas a sus instalaciones.<\/p>\n<p style=\"text-align: justify;\">Si quieres conocer con m\u00e1s detalle la Fundaci\u00f3n Cultural Miguel Hern\u00e1ndez, <a href=\"http:\/\/www.miguelhernandezvirtual.es\/new\/\" target=\"_blank\">pincha aqu\u00ed<\/a>.<\/p>\n","protected":false},"excerpt":{"rendered":"<p>El pasado 28 de febrero, con la aprobaci\u00f3n previa del Claustro de Profesores y Consejo Escolar del IES Ben Arab\u00ed, \u00a0se firm\u00f3 un convenio de colaboraci\u00f3n con la Fundaci\u00f3n Cultural Miguel Hern\u00e1ndez. La Fundaci\u00f3n Cultural Miguel Hern\u00e1ndez fue constituida para preservar\u00a0 el recuerdo y la memoria de la obra del poeta Miguel Hern\u00e1ndez. Entre sus [&hellip;]<\/p>\n","protected":false},"author":1,"featured_media":0,"comment_status":"closed","ping_status":"open","sticky":false,"template":"","format":"standard","meta":{"footnotes":""},"categories":[1],"tags":[],"class_list":["post-2964","post","type-post","status-publish","format-standard","hentry","category-sin-categoria"],"_links":{"self":[{"href":"https:\/\/www.benarabi.org\/index.php?rest_route=\/wp\/v2\/posts\/2964","targetHints":{"allow":["GET"]}}],"collection":[{"href":"https:\/\/www.benarabi.org\/index.php?rest_route=\/wp\/v2\/posts"}],"about":[{"href":"https:\/\/www.benarabi.org\/index.php?rest_route=\/wp\/v2\/types\/post"}],"author":[{"embeddable":true,"href":"https:\/\/www.benarabi.org\/index.php?rest_route=\/wp\/v2\/users\/1"}],"replies":[{"embeddable":true,"href":"https:\/\/www.benarabi.org\/index.php?rest_route=%2Fwp%2Fv2%2Fcomments&post=2964"}],"version-history":[{"count":1,"href":"https:\/\/www.benarabi.org\/index.php?rest_route=\/wp\/v2\/posts\/2964\/revisions"}],"predecessor-version":[{"id":2966,"href":"https:\/\/www.benarabi.org\/index.php?rest_route=\/wp\/v2\/posts\/2964\/revisions\/2966"}],"wp:attachment":[{"href":"https:\/\/www.benarabi.org\/index.php?rest_route=%2Fwp%2Fv2%2Fmedia&parent=2964"}],"wp:term":[{"taxonomy":"category","embeddable":true,"href":"https:\/\/www.benarabi.org\/index.php?rest_route=%2Fwp%2Fv2%2Fcategories&post=2964"},{"taxonomy":"post_tag","embeddable":true,"href":"https:\/\/www.benarabi.org\/index.php?rest_route=%2Fwp%2Fv2%2Ftags&post=2964"}],"curies":[{"name":"wp","href":"https:\/\/api.w.org\/{rel}","templated":true}]}}