{"id":3075,"date":"2014-06-10T11:32:04","date_gmt":"2014-06-10T09:32:04","guid":{"rendered":"http:\/\/www.benarabi.org\/?p=3075"},"modified":"2014-06-10T11:32:04","modified_gmt":"2014-06-10T09:32:04","slug":"acto-de-graduacion-de-alumnos-de-2o-bachillerato","status":"publish","type":"post","link":"https:\/\/www.benarabi.org\/?p=3075","title":{"rendered":"Acto de graduaci\u00f3n de alumnos de 2\u00ba Bachillerato"},"content":{"rendered":"<p style=\"text-align: justify;\"><a href=\"http:\/\/www.benarabi.org\/wp-content\/uploads\/2014\/06\/GRADUACION-13-14-050.jpg\"><img loading=\"lazy\" decoding=\"async\" class=\"alignleft size-thumbnail wp-image-3084\" src=\"http:\/\/www.benarabi.org\/wp-content\/uploads\/2014\/06\/GRADUACION-13-14-050-150x150.jpg\" alt=\"GRADUACION 13-14 050\" width=\"150\" height=\"150\" \/><\/a>El pasado viernes 30 de mayo, se celebr\u00f3 el Acto de Graduaci\u00f3n de nuestros alumnos de 2\u00ba de Bachillerato. Todos los miembros de la Comunidad Educativa del IES. Ben Arab\u00ed pudieron disfrutar de una ceremonia emotiva, d\u00f3nde los alumnos, quisieron expresar su felicidad y satisfacci\u00f3n de haber estudiado en nuestro Instituto.<!--more--><\/p>\n<p style=\"text-align: justify;\">El acto tuvo lugar en el hall del Instituto y estuvo repleto de familiares y amigos que acompa\u00f1aron a nuestros bachilleratos, en este d\u00eda tan especial. El profesor de Lengua y Literatura, Pencho L\u00f3pez, fue el presentador de la ceremonia.<\/p>\n<p style=\"text-align: justify;\">El director del Centro abri\u00f3 el acto, dando la bienvenida a todos los asistentes, recordando el paso de estos alumnos por el instituto y dese\u00e1ndoles lo mejor en el futuro.<\/p>\n<p style=\"text-align: justify;\">La profesora de Dibujo, M\u00aa Jos\u00e9 Contador, les dedic\u00f3 unas palabras.<\/p>\n<p style=\"text-align: justify;\">Los tutores de cada grupo fueron los encargados de hacer la entrega de diplomas.<\/p>\n<p style=\"text-align: justify;\">No pod\u00edan faltar unas palabras de agradecimiento y satisfacci\u00f3n por el gran trabajo desarrollado a lo largo del curso, a todos los profesores de estos grupos.<br \/>\nTras el acto acad\u00e9mico tuvo lugar la cena de despedida en el restaurante del Club de Cabos.<br \/>\n\u00a1\u00a1\u00a1Felicidades a todos!!!<\/p>\n<div id='gallery-1' class='gallery galleryid-3075 gallery-columns-3 gallery-size-thumbnail'><figure class='gallery-item'>\n\t\t\t<div class='gallery-icon landscape'>\n\t\t\t\t<a href='https:\/\/www.benarabi.org\/?attachment_id=3076'><img loading=\"lazy\" decoding=\"async\" width=\"141\" height=\"141\" src=\"https:\/\/www.benarabi.org\/wp-content\/uploads\/2014\/06\/GRADUACION-13-14-129-150x150.jpg\" class=\"attachment-thumbnail size-thumbnail\" alt=\"\" \/><\/a>\n\t\t\t<\/div><\/figure><figure class='gallery-item'>\n\t\t\t<div class='gallery-icon landscape'>\n\t\t\t\t<a href='https:\/\/www.benarabi.org\/?attachment_id=3077'><img loading=\"lazy\" decoding=\"async\" width=\"141\" height=\"141\" src=\"https:\/\/www.benarabi.org\/wp-content\/uploads\/2014\/06\/GRADUACION-13-14-111-150x150.jpg\" class=\"attachment-thumbnail size-thumbnail\" alt=\"\" \/><\/a>\n\t\t\t<\/div><\/figure><figure class='gallery-item'>\n\t\t\t<div class='gallery-icon landscape'>\n\t\t\t\t<a href='https:\/\/www.benarabi.org\/?attachment_id=3078'><img loading=\"lazy\" decoding=\"async\" width=\"141\" height=\"141\" src=\"https:\/\/www.benarabi.org\/wp-content\/uploads\/2014\/06\/GRADUACION-13-14-104-150x150.jpg\" class=\"attachment-thumbnail size-thumbnail\" alt=\"\" \/><\/a>\n\t\t\t<\/div><\/figure><figure class='gallery-item'>\n\t\t\t<div class='gallery-icon landscape'>\n\t\t\t\t<a href='https:\/\/www.benarabi.org\/?attachment_id=3079'><img loading=\"lazy\" decoding=\"async\" width=\"141\" height=\"141\" src=\"https:\/\/www.benarabi.org\/wp-content\/uploads\/2014\/06\/GRADUACION-13-14-080-150x150.jpg\" class=\"attachment-thumbnail size-thumbnail\" alt=\"\" \/><\/a>\n\t\t\t<\/div><\/figure><figure class='gallery-item'>\n\t\t\t<div class='gallery-icon landscape'>\n\t\t\t\t<a href='https:\/\/www.benarabi.org\/?attachment_id=3080'><img loading=\"lazy\" decoding=\"async\" width=\"141\" height=\"141\" src=\"https:\/\/www.benarabi.org\/wp-content\/uploads\/2014\/06\/GRADUACION-13-14-076-150x150.jpg\" class=\"attachment-thumbnail size-thumbnail\" alt=\"\" \/><\/a>\n\t\t\t<\/div><\/figure><figure class='gallery-item'>\n\t\t\t<div class='gallery-icon landscape'>\n\t\t\t\t<a href='https:\/\/www.benarabi.org\/?attachment_id=3081'><img loading=\"lazy\" decoding=\"async\" width=\"141\" height=\"141\" src=\"https:\/\/www.benarabi.org\/wp-content\/uploads\/2014\/06\/GRADUACION-13-14-056-150x150.jpg\" class=\"attachment-thumbnail size-thumbnail\" alt=\"\" \/><\/a>\n\t\t\t<\/div><\/figure><figure class='gallery-item'>\n\t\t\t<div class='gallery-icon portrait'>\n\t\t\t\t<a href='https:\/\/www.benarabi.org\/?attachment_id=3082'><img loading=\"lazy\" decoding=\"async\" width=\"141\" height=\"141\" src=\"https:\/\/www.benarabi.org\/wp-content\/uploads\/2014\/06\/GRADUACION-13-14-048-150x150.jpg\" class=\"attachment-thumbnail size-thumbnail\" alt=\"\" \/><\/a>\n\t\t\t<\/div><\/figure><figure class='gallery-item'>\n\t\t\t<div class='gallery-icon landscape'>\n\t\t\t\t<a href='https:\/\/www.benarabi.org\/?attachment_id=3083'><img loading=\"lazy\" decoding=\"async\" width=\"141\" height=\"141\" src=\"https:\/\/www.benarabi.org\/wp-content\/uploads\/2014\/06\/GRADUACION-13-14-045-150x150.jpg\" class=\"attachment-thumbnail size-thumbnail\" alt=\"\" \/><\/a>\n\t\t\t<\/div><\/figure><figure class='gallery-item'>\n\t\t\t<div class='gallery-icon landscape'>\n\t\t\t\t<a href='https:\/\/www.benarabi.org\/?attachment_id=3084'><img loading=\"lazy\" decoding=\"async\" width=\"141\" height=\"141\" src=\"https:\/\/www.benarabi.org\/wp-content\/uploads\/2014\/06\/GRADUACION-13-14-050-150x150.jpg\" class=\"attachment-thumbnail size-thumbnail\" alt=\"\" \/><\/a>\n\t\t\t<\/div><\/figure>\n\t\t<\/div>\n\n","protected":false},"excerpt":{"rendered":"<p>El pasado viernes 30 de mayo, se celebr\u00f3 el Acto de Graduaci\u00f3n de nuestros alumnos de 2\u00ba de Bachillerato. Todos los miembros de la Comunidad Educativa del IES. Ben Arab\u00ed pudieron disfrutar de una ceremonia emotiva, d\u00f3nde los alumnos, quisieron expresar su felicidad y satisfacci\u00f3n de haber estudiado en nuestro Instituto.<\/p>\n","protected":false},"author":1,"featured_media":0,"comment_status":"closed","ping_status":"open","sticky":false,"template":"","format":"standard","meta":{"footnotes":""},"categories":[1],"tags":[],"class_list":["post-3075","post","type-post","status-publish","format-standard","hentry","category-sin-categoria"],"_links":{"self":[{"href":"https:\/\/www.benarabi.org\/index.php?rest_route=\/wp\/v2\/posts\/3075","targetHints":{"allow":["GET"]}}],"collection":[{"href":"https:\/\/www.benarabi.org\/index.php?rest_route=\/wp\/v2\/posts"}],"about":[{"href":"https:\/\/www.benarabi.org\/index.php?rest_route=\/wp\/v2\/types\/post"}],"author":[{"embeddable":true,"href":"https:\/\/www.benarabi.org\/index.php?rest_route=\/wp\/v2\/users\/1"}],"replies":[{"embeddable":true,"href":"https:\/\/www.benarabi.org\/index.php?rest_route=%2Fwp%2Fv2%2Fcomments&post=3075"}],"version-history":[{"count":1,"href":"https:\/\/www.benarabi.org\/index.php?rest_route=\/wp\/v2\/posts\/3075\/revisions"}],"predecessor-version":[{"id":3085,"href":"https:\/\/www.benarabi.org\/index.php?rest_route=\/wp\/v2\/posts\/3075\/revisions\/3085"}],"wp:attachment":[{"href":"https:\/\/www.benarabi.org\/index.php?rest_route=%2Fwp%2Fv2%2Fmedia&parent=3075"}],"wp:term":[{"taxonomy":"category","embeddable":true,"href":"https:\/\/www.benarabi.org\/index.php?rest_route=%2Fwp%2Fv2%2Fcategories&post=3075"},{"taxonomy":"post_tag","embeddable":true,"href":"https:\/\/www.benarabi.org\/index.php?rest_route=%2Fwp%2Fv2%2Ftags&post=3075"}],"curies":[{"name":"wp","href":"https:\/\/api.w.org\/{rel}","templated":true}]}}