{"id":3250,"date":"2014-09-09T13:29:47","date_gmt":"2014-09-09T11:29:47","guid":{"rendered":"http:\/\/www.benarabi.org\/?p=3250"},"modified":"2014-09-10T10:41:05","modified_gmt":"2014-09-10T08:41:05","slug":"comienzo-del-curso-2014-15","status":"publish","type":"post","link":"https:\/\/www.benarabi.org\/?p=3250","title":{"rendered":"Comienzo del curso 2014-15"},"content":{"rendered":"<p><a href=\"http:\/\/www.benarabi.org\/wp-content\/uploads\/2014\/09\/vuelta-a-las-clases-e1410201533599.jpg\"><img loading=\"lazy\" decoding=\"async\" class=\"alignleft size-full wp-image-3244\" src=\"http:\/\/www.benarabi.org\/wp-content\/uploads\/2014\/09\/vuelta-a-las-clases-e1410201533599.jpg\" alt=\"vuelta a las clases\" width=\"150\" height=\"113\" \/><\/a>Presentaciones:<\/p>\n<p align=\"JUSTIFY\"><span style=\"font-size: medium;\">Las presentaciones de los grupos se realizar\u00e1n durante los d\u00edas martes 16 y mi\u00e9rcoles 17 de septiembre, en el horario que se adjunta a continuaci\u00f3n.<\/span><\/p>\n<p align=\"JUSTIFY\">Las clases comenzar\u00e1n el jueves 18 de septiembre a las 8:00h.<\/p>\n<p align=\"JUSTIFY\"><a href=\"http:\/\/www.benarabi.org\/wp-content\/uploads\/2014\/09\/horarios-presentaciones-14-15.doc\">Pincha aqu\u00ed<\/a> para ver el horario de las presentaciones.<\/p>\n<p align=\"JUSTIFY\"><span style=\"font-size: medium;\"><span style=\"text-decoration: underline;\">Tutores: <\/span><\/span><\/p>\n<p align=\"JUSTIFY\"><span style=\"font-size: medium;\"><a href=\"http:\/\/www.benarabi.org\/wp-content\/uploads\/2014\/09\/listado-de-tutores-14-15.doc\">En el siguiente archivo<\/a>\u00a0puedes consultar el listado de tutores del curso 14-15.<\/span><\/p>\n<p align=\"JUSTIFY\"><span style=\"font-size: medium;\"><span style=\"text-decoration: underline;\">Listados de alumnos<\/span><\/span><span style=\"font-size: medium;\">:<\/span><\/p>\n<p align=\"JUSTIFY\"><span style=\"font-size: medium;\">Los listados de alumnos de los grupos se publicar\u00e1n el lunes 15.<\/span><\/p>\n","protected":false},"excerpt":{"rendered":"<p>Presentaciones: Las presentaciones de los grupos se realizar\u00e1n durante los d\u00edas martes 16 y mi\u00e9rcoles 17 de septiembre, en el horario que se adjunta a continuaci\u00f3n. Las clases comenzar\u00e1n el jueves 18 de septiembre a las 8:00h. Pincha aqu\u00ed para ver el horario de las presentaciones. Tutores: En el siguiente archivo\u00a0puedes consultar el listado de [&hellip;]<\/p>\n","protected":false},"author":1,"featured_media":0,"comment_status":"closed","ping_status":"open","sticky":false,"template":"","format":"standard","meta":{"footnotes":""},"categories":[1],"tags":[],"class_list":["post-3250","post","type-post","status-publish","format-standard","hentry","category-sin-categoria"],"_links":{"self":[{"href":"https:\/\/www.benarabi.org\/index.php?rest_route=\/wp\/v2\/posts\/3250","targetHints":{"allow":["GET"]}}],"collection":[{"href":"https:\/\/www.benarabi.org\/index.php?rest_route=\/wp\/v2\/posts"}],"about":[{"href":"https:\/\/www.benarabi.org\/index.php?rest_route=\/wp\/v2\/types\/post"}],"author":[{"embeddable":true,"href":"https:\/\/www.benarabi.org\/index.php?rest_route=\/wp\/v2\/users\/1"}],"replies":[{"embeddable":true,"href":"https:\/\/www.benarabi.org\/index.php?rest_route=%2Fwp%2Fv2%2Fcomments&post=3250"}],"version-history":[{"count":5,"href":"https:\/\/www.benarabi.org\/index.php?rest_route=\/wp\/v2\/posts\/3250\/revisions"}],"predecessor-version":[{"id":3257,"href":"https:\/\/www.benarabi.org\/index.php?rest_route=\/wp\/v2\/posts\/3250\/revisions\/3257"}],"wp:attachment":[{"href":"https:\/\/www.benarabi.org\/index.php?rest_route=%2Fwp%2Fv2%2Fmedia&parent=3250"}],"wp:term":[{"taxonomy":"category","embeddable":true,"href":"https:\/\/www.benarabi.org\/index.php?rest_route=%2Fwp%2Fv2%2Fcategories&post=3250"},{"taxonomy":"post_tag","embeddable":true,"href":"https:\/\/www.benarabi.org\/index.php?rest_route=%2Fwp%2Fv2%2Ftags&post=3250"}],"curies":[{"name":"wp","href":"https:\/\/api.w.org\/{rel}","templated":true}]}}