{"id":3274,"date":"2014-09-23T16:33:51","date_gmt":"2014-09-23T14:33:51","guid":{"rendered":"http:\/\/www.benarabi.org\/?p=3274"},"modified":"2014-09-23T16:33:51","modified_gmt":"2014-09-23T14:33:51","slug":"apertura-del-curso-escolar-2014-2015","status":"publish","type":"post","link":"https:\/\/www.benarabi.org\/?p=3274","title":{"rendered":"Apertura del curso escolar 2014-2015"},"content":{"rendered":"<p style=\"text-align: justify;\" align=\"CENTER\"><a href=\"http:\/\/www.benarabi.org\/wp-content\/uploads\/2014\/09\/NUEVO-CURSO-14-15.jpg\"><img loading=\"lazy\" decoding=\"async\" class=\"alignleft wp-image-3275 size-full\" src=\"http:\/\/www.benarabi.org\/wp-content\/uploads\/2014\/09\/NUEVO-CURSO-14-15-e1411482793205.jpg\" alt=\"NUEVO CURSO 14-15\" width=\"150\" height=\"165\" \/><\/a>El martes 16 de septiembre dieron comienzo las actividades lectivas correspondientes al nuevo curso 2014-2015 con el recibimiento y las presentaciones de los alumnos del Instituto.<\/p>\n<p style=\"text-align: justify;\" align=\"JUSTIFY\"><span style=\"font-family: 'Times New Roman', serif;\"><span style=\"font-size: medium;\">Estas jornadas de acogida y orientaci\u00f3n han tenido lugar durante las ma\u00f1anas del 16 y 17 de septiembre.<\/span><\/span><\/p>\n<p style=\"text-align: justify;\" align=\"JUSTIFY\"><span style=\"font-family: 'Times New Roman', serif;\"><span style=\"font-size: medium;\">El jueves 18, dieron comienzo las clases con normalidad. Esperamos que este nuevo curso resulte provechoso y enriquecedor para todos los miembros que formamos parte de la comunidad educativa del IES Ben Arab\u00ed. <\/span><\/span><\/p>\n<p style=\"text-align: justify;\" align=\"JUSTIFY\"><span style=\"font-family: 'Times New Roman', serif;\"><span style=\"font-size: medium;\">\u00a1Bienvenidos!<\/span><\/span><\/p>\n<p style=\"text-align: justify;\" align=\"JUSTIFY\"><!--more-->Los alumnos de 1\u00ba de ESO y de 1\u00ba y 2\u00ba de Bachillerato fueron recibidos por los miembros del equipo directivo en el Auditorio del Conservatorio, donde se les ofrecieron algunas reflexiones generales en torno al car\u00e1cter del Centro y su Misi\u00f3n, Visi\u00f3n y Valores, las normas de funcionamiento, y los programas y estudios que se cursan en su seno, entre otros aspectos. Posteriormente, los alumnos se incorporaron a las aulas acompa\u00f1ados por sus respectivos tutores para recibir, en esta ocasi\u00f3n, informaci\u00f3n espec\u00edfica sobre la organizaci\u00f3n de sus clases, incluyendo la distribuci\u00f3n de su horario, el profesorado, etc.<\/p>\n<p style=\"text-align: justify;\" align=\"JUSTIFY\"><span style=\"font-family: 'Times New Roman', serif;\"><span style=\"font-size: medium;\"> El resto de los grupos, de 2\u00ba, 3\u00ba y 4\u00ba de ESO, cuyos alumnos son mayoritariamente veteranos, fueron recibidos en el vest\u00edbulo del Centro directamente por sus tutores, con los que accedieron a las aulas para conocer los detalles del curso que comienza.<\/span><\/span><\/p>\n","protected":false},"excerpt":{"rendered":"<p>El martes 16 de septiembre dieron comienzo las actividades lectivas correspondientes al nuevo curso 2014-2015 con el recibimiento y las presentaciones de los alumnos del Instituto. Estas jornadas de acogida y orientaci\u00f3n han tenido lugar durante las ma\u00f1anas del 16 y 17 de septiembre. El jueves 18, dieron comienzo las clases con normalidad. Esperamos que [&hellip;]<\/p>\n","protected":false},"author":1,"featured_media":0,"comment_status":"closed","ping_status":"open","sticky":false,"template":"","format":"standard","meta":{"footnotes":""},"categories":[1],"tags":[],"class_list":["post-3274","post","type-post","status-publish","format-standard","hentry","category-sin-categoria"],"_links":{"self":[{"href":"https:\/\/www.benarabi.org\/index.php?rest_route=\/wp\/v2\/posts\/3274","targetHints":{"allow":["GET"]}}],"collection":[{"href":"https:\/\/www.benarabi.org\/index.php?rest_route=\/wp\/v2\/posts"}],"about":[{"href":"https:\/\/www.benarabi.org\/index.php?rest_route=\/wp\/v2\/types\/post"}],"author":[{"embeddable":true,"href":"https:\/\/www.benarabi.org\/index.php?rest_route=\/wp\/v2\/users\/1"}],"replies":[{"embeddable":true,"href":"https:\/\/www.benarabi.org\/index.php?rest_route=%2Fwp%2Fv2%2Fcomments&post=3274"}],"version-history":[{"count":1,"href":"https:\/\/www.benarabi.org\/index.php?rest_route=\/wp\/v2\/posts\/3274\/revisions"}],"predecessor-version":[{"id":3276,"href":"https:\/\/www.benarabi.org\/index.php?rest_route=\/wp\/v2\/posts\/3274\/revisions\/3276"}],"wp:attachment":[{"href":"https:\/\/www.benarabi.org\/index.php?rest_route=%2Fwp%2Fv2%2Fmedia&parent=3274"}],"wp:term":[{"taxonomy":"category","embeddable":true,"href":"https:\/\/www.benarabi.org\/index.php?rest_route=%2Fwp%2Fv2%2Fcategories&post=3274"},{"taxonomy":"post_tag","embeddable":true,"href":"https:\/\/www.benarabi.org\/index.php?rest_route=%2Fwp%2Fv2%2Ftags&post=3274"}],"curies":[{"name":"wp","href":"https:\/\/api.w.org\/{rel}","templated":true}]}}