{"id":3401,"date":"2014-11-18T09:10:32","date_gmt":"2014-11-18T08:10:32","guid":{"rendered":"http:\/\/www.benarabi.org\/?p=3401"},"modified":"2014-11-18T09:10:45","modified_gmt":"2014-11-18T08:10:45","slug":"javier-valero-en-el-open-de-eslovaquia","status":"publish","type":"post","link":"https:\/\/www.benarabi.org\/?p=3401","title":{"rendered":"Javier Valero, en el Open de Eslovaquia"},"content":{"rendered":"<p style=\"text-align: justify;\"><a href=\"http:\/\/www.benarabi.org\/wp-content\/uploads\/2014\/11\/javier-valero-300x200.jpg\"><img loading=\"lazy\" decoding=\"async\" class=\"alignleft wp-image-3402 size-full\" src=\"http:\/\/www.benarabi.org\/wp-content\/uploads\/2014\/11\/javier-valero-300x200-e1416298074547.jpg\" alt=\"javier-valero-300x200\" width=\"150\" height=\"100\" \/><\/a>Nuestro alumno Javier Valero Manzanares de 2\u00ba ESO BF, con tan s\u00f3lo 12 a\u00f1os, \u00a0ha participado con la Selecci\u00f3n Espa\u00f1ola cadete de tenis de mesa en una prueba organizada por la Federaci\u00f3n Internacional de tenis de mesa, el Open de Eslovaquia.<\/p>\n<p style=\"text-align: justify;\">Es su primer torneo fuera de Espa\u00f1a d\u00f3nde va representando a su selecci\u00f3n nacional, as\u00ed\u00a0pues\u00a0una experiencia nueva de la que tiene que aprender a\u00a0coger experiencia, y aprender el cambio de exigencia tanto f\u00edsica como mental que conlleva competir en el extranjero a tener que hacerlo en ligas y torneos nacionales para as\u00ed poder seguir creciendo como jugador.<\/p>\n<p style=\"text-align: justify;\">Para m\u00e1s informaci\u00f3n <a href=\"http:\/\/www.gacetacartagonova.com\/javier-valero-concluye-su-participacion-en-eslovaquia\/\" target=\"_blank\">pincha aqu\u00ed<\/a>.<\/p>\n","protected":false},"excerpt":{"rendered":"<p>Nuestro alumno Javier Valero Manzanares de 2\u00ba ESO BF, con tan s\u00f3lo 12 a\u00f1os, \u00a0ha participado con la Selecci\u00f3n Espa\u00f1ola cadete de tenis de mesa en una prueba organizada por la Federaci\u00f3n Internacional de tenis de mesa, el Open de Eslovaquia. Es su primer torneo fuera de Espa\u00f1a d\u00f3nde va representando a su selecci\u00f3n nacional, [&hellip;]<\/p>\n","protected":false},"author":1,"featured_media":0,"comment_status":"closed","ping_status":"open","sticky":false,"template":"","format":"standard","meta":{"footnotes":""},"categories":[1],"tags":[],"class_list":["post-3401","post","type-post","status-publish","format-standard","hentry","category-sin-categoria"],"_links":{"self":[{"href":"https:\/\/www.benarabi.org\/index.php?rest_route=\/wp\/v2\/posts\/3401","targetHints":{"allow":["GET"]}}],"collection":[{"href":"https:\/\/www.benarabi.org\/index.php?rest_route=\/wp\/v2\/posts"}],"about":[{"href":"https:\/\/www.benarabi.org\/index.php?rest_route=\/wp\/v2\/types\/post"}],"author":[{"embeddable":true,"href":"https:\/\/www.benarabi.org\/index.php?rest_route=\/wp\/v2\/users\/1"}],"replies":[{"embeddable":true,"href":"https:\/\/www.benarabi.org\/index.php?rest_route=%2Fwp%2Fv2%2Fcomments&post=3401"}],"version-history":[{"count":2,"href":"https:\/\/www.benarabi.org\/index.php?rest_route=\/wp\/v2\/posts\/3401\/revisions"}],"predecessor-version":[{"id":3404,"href":"https:\/\/www.benarabi.org\/index.php?rest_route=\/wp\/v2\/posts\/3401\/revisions\/3404"}],"wp:attachment":[{"href":"https:\/\/www.benarabi.org\/index.php?rest_route=%2Fwp%2Fv2%2Fmedia&parent=3401"}],"wp:term":[{"taxonomy":"category","embeddable":true,"href":"https:\/\/www.benarabi.org\/index.php?rest_route=%2Fwp%2Fv2%2Fcategories&post=3401"},{"taxonomy":"post_tag","embeddable":true,"href":"https:\/\/www.benarabi.org\/index.php?rest_route=%2Fwp%2Fv2%2Ftags&post=3401"}],"curies":[{"name":"wp","href":"https:\/\/api.w.org\/{rel}","templated":true}]}}