{"id":3406,"date":"2014-11-21T00:35:36","date_gmt":"2014-11-20T23:35:36","guid":{"rendered":"http:\/\/www.benarabi.org\/?p=3406"},"modified":"2014-11-21T00:35:36","modified_gmt":"2014-11-20T23:35:36","slug":"inauguracion-del-aula-miguel-hernandez-del-ies-ben-arabi","status":"publish","type":"post","link":"https:\/\/www.benarabi.org\/?p=3406","title":{"rendered":"Inauguraci\u00f3n del Aula Miguel Hern\u00e1ndez del IES Ben Arab\u00ed"},"content":{"rendered":"<p style=\"text-align: justify; background: white;\"><a href=\"http:\/\/www.benarabi.org\/wp-content\/uploads\/2014\/11\/miguelhernandez2.jpg\"><img loading=\"lazy\" decoding=\"async\" class=\"alignleft wp-image-3409 size-full\" src=\"http:\/\/www.benarabi.org\/wp-content\/uploads\/2014\/11\/miguelhernandez2.jpg\" alt=\"miguelhernandez2\" width=\"301\" height=\"107\" \/><\/a>El pr\u00f3ximo viernes, 28 de noviembre de 2014, se celebrar\u00e1 el acto de inauguraci\u00f3n del Aula Miguel Hern\u00e1ndez, que impulsan la Fundaci\u00f3n Cultural Miguel Hern\u00e1ndez (FCMH) y el IES Ben Arab\u00ed a trav\u00e9s del acuerdo de colaboraci\u00f3n que ambos suscribieron el pasado curso 2013-14, para difundir en la ciudad, y entre el alumnado del Centro, la figura del poeta.<\/p>\n<p style=\"text-align: justify; background: white;\"><span style=\"color: #222222;\">El evento tendr\u00e1 lugar en el Auditorio del Conservatorio de M\u00fasica. Asistir\u00e1n representantes de diversas instituciones, los alumnos de 2\u00b0 de Bachillerato, profesores del IES, colaboradores, y todos aquellos que est\u00e9n interesados.<span class=\"apple-converted-space\">\u00a0<\/span><br \/>\nEn el transcurso del mismo, el Director de la FCMH, D. Aitor Larrabide, impartir\u00e1 una conferencia sobre la figura del autor y se dar\u00e1 a conocer la programaci\u00f3n de actividades que acoger\u00e1 el Aula durante el curso acad\u00e9mico 2014-2015.<\/span><\/p>\n<p style=\"text-align: justify; background: white;\"><span style=\"color: #222222;\">Si deseas conocer el programa completo del acto inaugural y las actuaciones previstas a lo largo del curso, <a href=\"http:\/\/www.benarabi.org\/wp-content\/uploads\/2014\/11\/ACTO-INAUGURAL-1.doc\">pincha aqu\u00ed<\/a>.<\/span><\/p>\n","protected":false},"excerpt":{"rendered":"<p>El pr\u00f3ximo viernes, 28 de noviembre de 2014, se celebrar\u00e1 el acto de inauguraci\u00f3n del Aula Miguel Hern\u00e1ndez, que impulsan la Fundaci\u00f3n Cultural Miguel Hern\u00e1ndez (FCMH) y el IES Ben Arab\u00ed a trav\u00e9s del acuerdo de colaboraci\u00f3n que ambos suscribieron el pasado curso 2013-14, para difundir en la ciudad, y entre el alumnado del Centro, [&hellip;]<\/p>\n","protected":false},"author":1,"featured_media":0,"comment_status":"closed","ping_status":"open","sticky":false,"template":"","format":"standard","meta":{"footnotes":""},"categories":[1],"tags":[],"class_list":["post-3406","post","type-post","status-publish","format-standard","hentry","category-sin-categoria"],"_links":{"self":[{"href":"https:\/\/www.benarabi.org\/index.php?rest_route=\/wp\/v2\/posts\/3406","targetHints":{"allow":["GET"]}}],"collection":[{"href":"https:\/\/www.benarabi.org\/index.php?rest_route=\/wp\/v2\/posts"}],"about":[{"href":"https:\/\/www.benarabi.org\/index.php?rest_route=\/wp\/v2\/types\/post"}],"author":[{"embeddable":true,"href":"https:\/\/www.benarabi.org\/index.php?rest_route=\/wp\/v2\/users\/1"}],"replies":[{"embeddable":true,"href":"https:\/\/www.benarabi.org\/index.php?rest_route=%2Fwp%2Fv2%2Fcomments&post=3406"}],"version-history":[{"count":1,"href":"https:\/\/www.benarabi.org\/index.php?rest_route=\/wp\/v2\/posts\/3406\/revisions"}],"predecessor-version":[{"id":3410,"href":"https:\/\/www.benarabi.org\/index.php?rest_route=\/wp\/v2\/posts\/3406\/revisions\/3410"}],"wp:attachment":[{"href":"https:\/\/www.benarabi.org\/index.php?rest_route=%2Fwp%2Fv2%2Fmedia&parent=3406"}],"wp:term":[{"taxonomy":"category","embeddable":true,"href":"https:\/\/www.benarabi.org\/index.php?rest_route=%2Fwp%2Fv2%2Fcategories&post=3406"},{"taxonomy":"post_tag","embeddable":true,"href":"https:\/\/www.benarabi.org\/index.php?rest_route=%2Fwp%2Fv2%2Ftags&post=3406"}],"curies":[{"name":"wp","href":"https:\/\/api.w.org\/{rel}","templated":true}]}}