{"id":3415,"date":"2014-11-28T11:57:59","date_gmt":"2014-11-28T10:57:59","guid":{"rendered":"http:\/\/www.benarabi.org\/?p=3415"},"modified":"2014-11-28T12:08:13","modified_gmt":"2014-11-28T11:08:13","slug":"renovacion-parcial-de-representantes-del-consejo-escolar","status":"publish","type":"post","link":"https:\/\/www.benarabi.org\/?p=3415","title":{"rendered":"Renovaci\u00f3n parcial de representantes del Consejo Escolar"},"content":{"rendered":"<p style=\"text-align: justify;\"><a href=\"http:\/\/www.benarabi.org\/wp-content\/uploads\/2014\/11\/P1040035.jpg\"><img loading=\"lazy\" decoding=\"async\" class=\"alignleft wp-image-3417 size-full\" src=\"http:\/\/www.benarabi.org\/wp-content\/uploads\/2014\/11\/P1040035-e1417172272206.jpg\" alt=\"P1040035\" width=\"150\" height=\"113\" \/><\/a>Celebrada, el pasado mi\u00e9rcoles 26 de noviembre, la renovaci\u00f3n parcial de los representantes de profesores, padres y alumnos del Consejo Escolar del IES Ben Arabi han sido elegidos:<\/p>\n<div style=\"text-align: justify;\"><\/div>\n<div style=\"text-align: justify;\"><\/div>\n<div style=\"text-align: justify;\"><\/div>\n<div style=\"text-align: justify;\"><\/div>\n<div style=\"text-align: justify;\"><b>Profesores:<\/b><\/div>\n<div style=\"text-align: justify;\">\n<ul>\n<li>Antonio Garc\u00eda Calatayud.<\/li>\n<li>M\u00aa Jos\u00e9 Garc\u00eda Hern\u00e1ndez<\/li>\n<li>Jos\u00e9 Antonio Mateo Mar\u00edn<\/li>\n<li>Caridad Rives Arcayna<\/li>\n<\/ul>\n<div><b>Padres:<\/b><\/div>\n<\/div>\n<div style=\"text-align: justify;\">\n<ul>\n<li>Mar\u00eda Soledad Alcaraz Albaladejo<\/li>\n<\/ul>\n<\/div>\n<div style=\"text-align: justify;\"><b>Alumnos:<\/b><\/div>\n<div>\n<ul style=\"text-align: justify;\">\n<li>Jorge Juan Soriano G\u00f3mez \u00a0(E3BF)<\/li>\n<li>Ricardo Torralba Luzzy (E3AF)<\/li>\n<\/ul>\n<div id='gallery-1' class='gallery galleryid-3415 gallery-columns-3 gallery-size-thumbnail'><figure class='gallery-item'>\n\t\t\t<div class='gallery-icon landscape'>\n\t\t\t\t<a href='https:\/\/www.benarabi.org\/?attachment_id=3416'><img loading=\"lazy\" decoding=\"async\" width=\"141\" height=\"141\" src=\"https:\/\/www.benarabi.org\/wp-content\/uploads\/2014\/11\/P1040037-150x150.jpg\" class=\"attachment-thumbnail size-thumbnail\" alt=\"\" \/><\/a>\n\t\t\t<\/div><\/figure><figure class='gallery-item'>\n\t\t\t<div class='gallery-icon landscape'>\n\t\t\t\t<a href='https:\/\/www.benarabi.org\/?attachment_id=3417'><img loading=\"lazy\" decoding=\"async\" width=\"141\" height=\"141\" src=\"https:\/\/www.benarabi.org\/wp-content\/uploads\/2014\/11\/P1040035-150x150.jpg\" class=\"attachment-thumbnail size-thumbnail\" alt=\"\" \/><\/a>\n\t\t\t<\/div><\/figure><figure class='gallery-item'>\n\t\t\t<div class='gallery-icon landscape'>\n\t\t\t\t<a href='https:\/\/www.benarabi.org\/?attachment_id=3418'><img loading=\"lazy\" decoding=\"async\" width=\"141\" height=\"141\" src=\"https:\/\/www.benarabi.org\/wp-content\/uploads\/2014\/11\/P1040030-150x150.jpg\" class=\"attachment-thumbnail size-thumbnail\" alt=\"\" \/><\/a>\n\t\t\t<\/div><\/figure>\n\t\t<\/div>\n\n<\/div>\n","protected":false},"excerpt":{"rendered":"<p>Celebrada, el pasado mi\u00e9rcoles 26 de noviembre, la renovaci\u00f3n parcial de los representantes de profesores, padres y alumnos del Consejo Escolar del IES Ben Arabi han sido elegidos: Profesores: Antonio Garc\u00eda Calatayud. M\u00aa Jos\u00e9 Garc\u00eda Hern\u00e1ndez Jos\u00e9 Antonio Mateo Mar\u00edn Caridad Rives Arcayna Padres: Mar\u00eda Soledad Alcaraz Albaladejo Alumnos: Jorge Juan Soriano G\u00f3mez \u00a0(E3BF) Ricardo [&hellip;]<\/p>\n","protected":false},"author":1,"featured_media":0,"comment_status":"closed","ping_status":"open","sticky":false,"template":"","format":"standard","meta":{"footnotes":""},"categories":[1],"tags":[],"class_list":["post-3415","post","type-post","status-publish","format-standard","hentry","category-sin-categoria"],"_links":{"self":[{"href":"https:\/\/www.benarabi.org\/index.php?rest_route=\/wp\/v2\/posts\/3415","targetHints":{"allow":["GET"]}}],"collection":[{"href":"https:\/\/www.benarabi.org\/index.php?rest_route=\/wp\/v2\/posts"}],"about":[{"href":"https:\/\/www.benarabi.org\/index.php?rest_route=\/wp\/v2\/types\/post"}],"author":[{"embeddable":true,"href":"https:\/\/www.benarabi.org\/index.php?rest_route=\/wp\/v2\/users\/1"}],"replies":[{"embeddable":true,"href":"https:\/\/www.benarabi.org\/index.php?rest_route=%2Fwp%2Fv2%2Fcomments&post=3415"}],"version-history":[{"count":5,"href":"https:\/\/www.benarabi.org\/index.php?rest_route=\/wp\/v2\/posts\/3415\/revisions"}],"predecessor-version":[{"id":3422,"href":"https:\/\/www.benarabi.org\/index.php?rest_route=\/wp\/v2\/posts\/3415\/revisions\/3422"}],"wp:attachment":[{"href":"https:\/\/www.benarabi.org\/index.php?rest_route=%2Fwp%2Fv2%2Fmedia&parent=3415"}],"wp:term":[{"taxonomy":"category","embeddable":true,"href":"https:\/\/www.benarabi.org\/index.php?rest_route=%2Fwp%2Fv2%2Fcategories&post=3415"},{"taxonomy":"post_tag","embeddable":true,"href":"https:\/\/www.benarabi.org\/index.php?rest_route=%2Fwp%2Fv2%2Ftags&post=3415"}],"curies":[{"name":"wp","href":"https:\/\/api.w.org\/{rel}","templated":true}]}}