{"id":3425,"date":"2014-11-29T13:21:38","date_gmt":"2014-11-29T12:21:38","guid":{"rendered":"http:\/\/www.benarabi.org\/?p=3425"},"modified":"2014-11-29T13:21:38","modified_gmt":"2014-11-29T12:21:38","slug":"se-inaugura-el-aula-miguel-hernandez-en-el-ies-ben-arabi","status":"publish","type":"post","link":"https:\/\/www.benarabi.org\/?p=3425","title":{"rendered":"Se inaugura el Aula Miguel Hern\u00e1ndez en el IES Ben Arab\u00ed"},"content":{"rendered":"<p style=\"text-align: justify;\"><a href=\"http:\/\/www.benarabi.org\/wp-content\/uploads\/2014\/11\/ACTO-INAUGURAL1.jpg\"><img loading=\"lazy\" decoding=\"async\" class=\"alignleft wp-image-3426 size-full\" src=\"http:\/\/www.benarabi.org\/wp-content\/uploads\/2014\/11\/ACTO-INAUGURAL1-e1417263681975.jpg\" alt=\"ACTO INAUGURAL1\" width=\"150\" height=\"100\" \/><\/a>La Fundaci\u00f3n Cultural\u00a0Miguel Hern\u00e1ndez\u00a0y el IES Ben Arab\u00ed firmaron, el pasado marzo, un acuerdo de colaboraci\u00f3n en el que se contempla la creaci\u00f3n del Aula\u00a0Miguel Hern\u00e1ndez\u00a0que, a partir del 28 de noviembre, tiene su sede en el IES Ben Arab\u00ed.<\/p>\n<p style=\"text-align: justify;\">El acto de inauguraci\u00f3n ha estado presidido por la Directora General de Calidad Educativa, Innovaci\u00f3n y Atenci\u00f3n a la Diversidad de la Consejer\u00eda de Educaci\u00f3n, D\u00f1a. Mar\u00eda Bego\u00f1a Iniesta, y ha contado con la presencia de la Concejal de Juventud del Ayuntamiento de Cartagena, D\u00f1a. Ruth Mar\u00eda Collado Gonz\u00e1lez, as\u00ed como del Director de la Fundaci\u00f3n Cultural\u00a0Miguel Hern\u00e1ndez, D. Aitor Lu\u00eds Larrabide Ach\u00fategui y el Director del IES Ben Arab\u00ed, D. Manuel D\u00edaz Segura.<!--more--><\/p>\n<p style=\"text-align: justify;\">En el transcurso del acto se ha pronunciado una conferencia, a cargo del Director de la fundaci\u00f3n Cultural, D. Aitor Lu\u00eds, y el profesor del Centro, D. Francisco Jos\u00e9 Franco Fern\u00e1ndez que, con el t\u00edtulo\u00a0\u201cMiguel Hern\u00e1ndez y Cartagena. Las Misiones Pedag\u00f3gicas\u201d, ha repasado la participaci\u00f3n del poeta en la misi\u00f3n de Cartagena, apuntando datos biogr\u00e1ficos muy interesantes del estrecho v\u00ednculo del oriolano con otros escritores y poetas de la ciudad. Tras la conferencia, alumnos del Ben Arab\u00ed y del Conservatorio Profesional de M\u00fasica, han recitado fragmentos del poeta, acompa\u00f1ados de interpretaciones musicales.<\/p>\n<p style=\"text-align: justify;\">El Director del IES Ben Arab\u00ed ha presentado el programa de actividades del Aula para el curso 2014-2015, encomendada a los departamentos de Lengua Castellana y Literatura y de Geograf\u00eda e Historia, que incluye visitas a la casa natal del poeta, hoy museo, \u00a0en Orihuela, la creaci\u00f3n de un blog, as\u00ed como un concurso de poes\u00eda sobre la obra de Miguel Hern\u00e1ndez. Tambi\u00e9n se incluyen, entre las actividades previstas, la visita al Archivo Municipal de Cartagena y al Museo de Artiller\u00eda, siguiendo en nuestra ciudad la huella del oriolano.<\/p>\n<p style=\"text-align: justify;\">Se anunci\u00f3 tambi\u00e9n la publicaci\u00f3n del libro\u00a0\u201cMiguel Hern\u00e1ndez y Cartagena. Jos\u00e9 Mar\u00eda de Juana\u00a0In memoriam\u201d, bajo la direcci\u00f3n de Francisco Jos\u00e9 Franco Fern\u00e1ndez y Joaqu\u00edn Jare\u00f1o Alarc\u00f3n y con la participaci\u00f3n, entre otros, del profesorado del IES Ben Arab\u00ed.<\/p>\n","protected":false},"excerpt":{"rendered":"<p>La Fundaci\u00f3n Cultural\u00a0Miguel Hern\u00e1ndez\u00a0y el IES Ben Arab\u00ed firmaron, el pasado marzo, un acuerdo de colaboraci\u00f3n en el que se contempla la creaci\u00f3n del Aula\u00a0Miguel Hern\u00e1ndez\u00a0que, a partir del 28 de noviembre, tiene su sede en el IES Ben Arab\u00ed. El acto de inauguraci\u00f3n ha estado presidido por la Directora General de Calidad Educativa, Innovaci\u00f3n [&hellip;]<\/p>\n","protected":false},"author":1,"featured_media":0,"comment_status":"closed","ping_status":"open","sticky":false,"template":"","format":"standard","meta":{"footnotes":""},"categories":[1],"tags":[],"class_list":["post-3425","post","type-post","status-publish","format-standard","hentry","category-sin-categoria"],"_links":{"self":[{"href":"https:\/\/www.benarabi.org\/index.php?rest_route=\/wp\/v2\/posts\/3425","targetHints":{"allow":["GET"]}}],"collection":[{"href":"https:\/\/www.benarabi.org\/index.php?rest_route=\/wp\/v2\/posts"}],"about":[{"href":"https:\/\/www.benarabi.org\/index.php?rest_route=\/wp\/v2\/types\/post"}],"author":[{"embeddable":true,"href":"https:\/\/www.benarabi.org\/index.php?rest_route=\/wp\/v2\/users\/1"}],"replies":[{"embeddable":true,"href":"https:\/\/www.benarabi.org\/index.php?rest_route=%2Fwp%2Fv2%2Fcomments&post=3425"}],"version-history":[{"count":1,"href":"https:\/\/www.benarabi.org\/index.php?rest_route=\/wp\/v2\/posts\/3425\/revisions"}],"predecessor-version":[{"id":3427,"href":"https:\/\/www.benarabi.org\/index.php?rest_route=\/wp\/v2\/posts\/3425\/revisions\/3427"}],"wp:attachment":[{"href":"https:\/\/www.benarabi.org\/index.php?rest_route=%2Fwp%2Fv2%2Fmedia&parent=3425"}],"wp:term":[{"taxonomy":"category","embeddable":true,"href":"https:\/\/www.benarabi.org\/index.php?rest_route=%2Fwp%2Fv2%2Fcategories&post=3425"},{"taxonomy":"post_tag","embeddable":true,"href":"https:\/\/www.benarabi.org\/index.php?rest_route=%2Fwp%2Fv2%2Ftags&post=3425"}],"curies":[{"name":"wp","href":"https:\/\/api.w.org\/{rel}","templated":true}]}}