{"id":3431,"date":"2014-12-04T22:44:57","date_gmt":"2014-12-04T21:44:57","guid":{"rendered":"http:\/\/www.benarabi.org\/?p=3431"},"modified":"2014-12-04T22:44:57","modified_gmt":"2014-12-04T21:44:57","slug":"maria-garberi-gonzalez-tu-corresponsal-juvenil-para-el-curso-2014-15","status":"publish","type":"post","link":"https:\/\/www.benarabi.org\/?p=3431","title":{"rendered":"Mar\u00eda Garber\u00ed Gonz\u00e1lez: \u00a1\u00a1Tu Corresponsal Juvenil para el curso 2014-15!!"},"content":{"rendered":"<p style=\"text-align: justify;\"><a href=\"http:\/\/www.benarabi.org\/wp-content\/uploads\/2014\/12\/P1040042.jpg\"><img loading=\"lazy\" decoding=\"async\" class=\"alignleft size-thumbnail wp-image-3432\" src=\"http:\/\/www.benarabi.org\/wp-content\/uploads\/2014\/12\/P1040042-150x150.jpg\" alt=\"P1040042\" width=\"150\" height=\"150\" \/><\/a>La alumna de 1\u00ba bachillerato (B11E), Mar\u00eda Garber\u00ed Gonz\u00e1lez, ha obtenido la Beca de Corresponsal Juvenil para el curso 2014\/2015 con una dotaci\u00f3n econ\u00f3mica de 300 Euros.<\/p>\n<p style=\"text-align: justify;\">La funci\u00f3n del Corresponsal es doble; por un lado, informar y difundir los recursos sociales, econ\u00f3micos y culturales que, en materia de Juventud, se encuentran disponibles en el \u00e1mbito de nuestra Comunidad Aut\u00f3noma y, por otro lado, recoger inquietudes y preferencias de los j\u00f3venes. En nuestro instituto, se ocupar\u00e1 de gestionar un panel informativo y atender un Punto de Informaci\u00f3n Juvenil durante los recreos de los mi\u00e9rcoles.<!--more--><\/p>\n<p style=\"text-align: justify;\">La Concejal\u00eda de Juventud del Ayuntamiento de Cartagena, a trav\u00e9s del Programa Informajoven, convoca todos los cursos acad\u00e9micos \u201cBecas para Corresponsales Juveniles en los Centros\u201d.<\/p>\n<p style=\"text-align: justify;\">Tras la convocatoria de este curso, hubo 7 solicitudes en nuestro Centro.<\/p>\n<p style=\"text-align: justify;\">Reunido el equipo t\u00e9cnico del Informajoven, se llev\u00f3 a cabo el proceso de selecci\u00f3n de los candidatos que optaban a la Beca de Corresponsal Juvenil convocada por la Concejal\u00eda y una vez analizada la documentaci\u00f3n aportada y realizada la entrevista personal, se acord\u00f3 conceder la Beca de Corresponsal Juvenil para este curso, a la alumna de 1\u00ba bachillerato, Mar\u00eda Garber\u00ed Gonz\u00e1lez.<\/p>\n<p style=\"text-align: justify;\">Nuestra Corresponsal realizar\u00e1 una jornada de formaci\u00f3n necesaria para comenzar con su labor. Durante esta,\u00a0 conocer\u00e1 los Servicios y Actividades que se ofrecen desde la Concejal\u00eda de Juventud, las fuentes desde donde poder encontrar\u00a0 la informaci\u00f3n y algunas t\u00e9cnicas para\u00a0 su difusi\u00f3n.<\/p>\n<p style=\"text-align: justify;\">El Informajoven adem\u00e1s administrar\u00e1 un Facebook conjunto <strong>\u201dCorresponsales Informajoven Cartagena\u201d<\/strong> en donde\u00a0 se facilitar\u00e1 informaci\u00f3n sobre actividades y recursos y en donde los propios Corresponsales estar\u00e1n autorizados para subir las actividades de sus propios Centros u otras que consideren de inter\u00e9s para los j\u00f3venes de su entorno.<\/p>\n<p style=\"text-align: justify;\">La funci\u00f3n principal del Corresponsal Juvenil es informar, coordinado con el Informajoven de nuestro municipio y\u00a0Direcci\u00f3n General competente en materia de Juventud de la Regi\u00f3n de Murcia, de todos aquellos temas que pueden interesar a los j\u00f3venes: ocio y tiempo libre, alojamientos juveniles, becas y ayudas, estudios, trabajo, direcciones de inter\u00e9s, publicaciones, etc.<\/p>\n<p style=\"text-align: justify;\">As\u00ed mismo, tiene tambi\u00e9n otra funci\u00f3n primordial, que es la de detectar, recopilar y transmitir las demandas y necesidades de nuestros alumnos.<\/p>\n","protected":false},"excerpt":{"rendered":"<p>La alumna de 1\u00ba bachillerato (B11E), Mar\u00eda Garber\u00ed Gonz\u00e1lez, ha obtenido la Beca de Corresponsal Juvenil para el curso 2014\/2015 con una dotaci\u00f3n econ\u00f3mica de 300 Euros. La funci\u00f3n del Corresponsal es doble; por un lado, informar y difundir los recursos sociales, econ\u00f3micos y culturales que, en materia de Juventud, se encuentran disponibles en el [&hellip;]<\/p>\n","protected":false},"author":1,"featured_media":0,"comment_status":"closed","ping_status":"open","sticky":false,"template":"","format":"standard","meta":{"footnotes":""},"categories":[1],"tags":[],"class_list":["post-3431","post","type-post","status-publish","format-standard","hentry","category-sin-categoria"],"_links":{"self":[{"href":"https:\/\/www.benarabi.org\/index.php?rest_route=\/wp\/v2\/posts\/3431","targetHints":{"allow":["GET"]}}],"collection":[{"href":"https:\/\/www.benarabi.org\/index.php?rest_route=\/wp\/v2\/posts"}],"about":[{"href":"https:\/\/www.benarabi.org\/index.php?rest_route=\/wp\/v2\/types\/post"}],"author":[{"embeddable":true,"href":"https:\/\/www.benarabi.org\/index.php?rest_route=\/wp\/v2\/users\/1"}],"replies":[{"embeddable":true,"href":"https:\/\/www.benarabi.org\/index.php?rest_route=%2Fwp%2Fv2%2Fcomments&post=3431"}],"version-history":[{"count":1,"href":"https:\/\/www.benarabi.org\/index.php?rest_route=\/wp\/v2\/posts\/3431\/revisions"}],"predecessor-version":[{"id":3433,"href":"https:\/\/www.benarabi.org\/index.php?rest_route=\/wp\/v2\/posts\/3431\/revisions\/3433"}],"wp:attachment":[{"href":"https:\/\/www.benarabi.org\/index.php?rest_route=%2Fwp%2Fv2%2Fmedia&parent=3431"}],"wp:term":[{"taxonomy":"category","embeddable":true,"href":"https:\/\/www.benarabi.org\/index.php?rest_route=%2Fwp%2Fv2%2Fcategories&post=3431"},{"taxonomy":"post_tag","embeddable":true,"href":"https:\/\/www.benarabi.org\/index.php?rest_route=%2Fwp%2Fv2%2Ftags&post=3431"}],"curies":[{"name":"wp","href":"https:\/\/api.w.org\/{rel}","templated":true}]}}